{"id":82753,"date":"2022-02-23T13:28:27","date_gmt":"2022-02-23T16:28:27","guid":{"rendered":"https:\/\/www.actualidadadiario.com\/?p=82753"},"modified":"2022-02-23T13:28:27","modified_gmt":"2022-02-23T16:28:27","slug":"apoyo-e-inversiones-a-la-ciencia-y-la-tecnologia-por-15-mil-millones-de-pesos","status":"publish","type":"post","link":"https:\/\/www.actualidadadiario.com\/index.php\/2022\/02\/23\/apoyo-e-inversiones-a-la-ciencia-y-la-tecnologia-por-15-mil-millones-de-pesos\/","title":{"rendered":"Apoyo e inversiones a la ciencia y la tecnolog\u00eda por 15 mil millones de pesos"},"content":{"rendered":"<p style=\"text-align: center;\"><em><strong>La inversi\u00f3n estar\u00e1 destinada a la Agencia I+D+i, y comenzar\u00e1 con la adjudicaci\u00f3n de 6.000 millones de pesos a proyectos que se llevar\u00e1n a cabo en instituciones cient\u00edficas y universidades de todo el pa\u00eds<\/strong><\/em><\/p>\n<p>&nbsp;<\/p>\n<p>&nbsp;<\/p>\n<p>El presidente Alberto Fern\u00e1ndez encabeza este mi\u00e9rcoles el anuncio del plan de apoyos e inversiones por alrededor de 15 mil millones de pesos durante este a\u00f1o para la Agencia Nacional de Promoci\u00f3n de la Investigaci\u00f3n, el Desarrollo Tecnol\u00f3gico y la Innovaci\u00f3n (Agencia I+D+i), informaron fuentes oficiales.<\/p>\n<p>La actividad se realizar\u00e1 a las 11.30 en Cero + infinito de la Universidad de Buenos Aires, ubicado en Ciudad Universitaria de la ciudad de Buenos Aires, y participar\u00e1n tambi\u00e9n el ministro de Ciencia, Tecnolog\u00eda e Innovaci\u00f3n, Daniel Filmus, y el titular de la Agencia I+D+i, Fernando Peirano, entre otros funcionarios.<\/p>\n<p>El plan comenzar\u00e1 a ejecutarse con la adjudicaci\u00f3n de 6.000 millones de pesos a proyectos que se llevar\u00e1n a cabo en instituciones cient\u00edficas y universidades de todo el pa\u00eds.<\/p>\n<p>Tambi\u00e9n impulsa acciones destinadas a peque\u00f1as y medianas empresas e iniciativas tecnol\u00f3gicas que puedan brindar soluciones a los problemas estructurales del desarrollo social y econ\u00f3mico, inform\u00f3 Presidencia.<\/p>\n<p>La Agencia I+D+i cuenta con m\u00e1s de 8.000 proyectos en marcha con estas caracter\u00edsticas y se prepara para acentuar su rol en un momento donde la econom\u00eda se recupera y la ciencia recupera un rol prioritario para el Estado, indicaron las fuentes.<\/p>\n<p>En tanto, por la tarde, a las 16, el Presidente recibir\u00e1 en su despacho de Casa Rosada al gobernador de Tierra del Fuego, Gustavo Melella.<\/p>\n","protected":false},"excerpt":{"rendered":"<p>La inversi\u00f3n estar\u00e1 destinada a la Agencia I+D+i, y comenzar\u00e1 con la adjudicaci\u00f3n de 6.000 millones de pesos a proyectos que se llevar\u00e1n a cabo en instituciones cient\u00edficas y universidades de todo el pa\u00eds &nbsp; &nbsp; El presidente Alberto Fern\u00e1ndez encabeza este mi\u00e9rcoles el anuncio del plan de apoyos e inversiones por alrededor de 15 mil millones de pesos durante este a\u00f1o para la Agencia Nacional de Promoci\u00f3n de la Investigaci\u00f3n, el Desarrollo Tecnol\u00f3gico y la Innovaci\u00f3n (Agencia I+D+i), informaron fuentes oficiales. La actividad se realizar\u00e1 a las 11.30 en&#8230;<\/p>\n","protected":false},"author":3,"featured_media":82754,"comment_status":"closed","ping_status":"closed","sticky":false,"template":"","format":"standard","meta":[],"categories":[9],"tags":[],"_links":{"self":[{"href":"https:\/\/www.actualidadadiario.com\/index.php\/wp-json\/wp\/v2\/posts\/82753"}],"collection":[{"href":"https:\/\/www.actualidadadiario.com\/index.php\/wp-json\/wp\/v2\/posts"}],"about":[{"href":"https:\/\/www.actualidadadiario.com\/index.php\/wp-json\/wp\/v2\/types\/post"}],"author":[{"embeddable":true,"href":"https:\/\/www.actualidadadiario.com\/index.php\/wp-json\/wp\/v2\/users\/3"}],"replies":[{"embeddable":true,"href":"https:\/\/www.actualidadadiario.com\/index.php\/wp-json\/wp\/v2\/comments?post=82753"}],"version-history":[{"count":1,"href":"https:\/\/www.actualidadadiario.com\/index.php\/wp-json\/wp\/v2\/posts\/82753\/revisions"}],"predecessor-version":[{"id":82755,"href":"https:\/\/www.actualidadadiario.com\/index.php\/wp-json\/wp\/v2\/posts\/82753\/revisions\/82755"}],"wp:featuredmedia":[{"embeddable":true,"href":"https:\/\/www.actualidadadiario.com\/index.php\/wp-json\/wp\/v2\/media\/82754"}],"wp:attachment":[{"href":"https:\/\/www.actualidadadiario.com\/index.php\/wp-json\/wp\/v2\/media?parent=82753"}],"wp:term":[{"taxonomy":"category","embeddable":true,"href":"https:\/\/www.actualidadadiario.com\/index.php\/wp-json\/wp\/v2\/categories?post=82753"},{"taxonomy":"post_tag","embeddable":true,"href":"https:\/\/www.actualidadadiario.com\/index.php\/wp-json\/wp\/v2\/tags?post=82753"}],"curies":[{"name":"wp","href":"https:\/\/api.w.org\/{rel}","templated":true}]}}