{"id":82748,"date":"2022-02-23T13:27:01","date_gmt":"2022-02-23T16:27:01","guid":{"rendered":"https:\/\/www.actualidadadiario.com\/?p=82748"},"modified":"2022-02-23T13:27:01","modified_gmt":"2022-02-23T16:27:01","slug":"paro-docente-en-seis-provincias-por-ahora-no-comenzaran-las-clases-por-falta-de-acuerdo-paritario","status":"publish","type":"post","link":"https:\/\/www.actualidadadiario.com\/index.php\/2022\/02\/23\/paro-docente-en-seis-provincias-por-ahora-no-comenzaran-las-clases-por-falta-de-acuerdo-paritario\/","title":{"rendered":"Paro docente en seis provincias: por ahora no comenzar\u00e1n las clases por falta de acuerdo paritario"},"content":{"rendered":"<p style=\"text-align: center;\"><em><strong>La Uni\u00f3n Docentes Argentinos (UDA) advirti\u00f3 hoy que sus afiliados no comenzar\u00e1n las clases el pr\u00f3ximo 2 de marzo en provincia de Buenos Aires, Misiones, Santa Fe, Chubut, Catamarca y Mendoza<\/strong><\/em><\/p>\n<p>&nbsp;<\/p>\n<p>&nbsp;<\/p>\n<p>La Uni\u00f3n Docentes Argentinos (UDA) advirti\u00f3 hoy que sus afiliados no comenzar\u00e1n las clases el pr\u00f3ximo 2 de marzo en provincia de Buenos Aires, Misiones, Santa Fe, Chubut, Catamarca y Mendoza.<\/p>\n<p>Desde el sindicato que encabeza Sergio Romero afirmaron en un comunicado que el d\u00eda del comienzo de clases en esas provincias har\u00e1 un paro por &#8220;no haber acordado la paritaria salarial docente en esos distritos&#8221;.<\/p>\n<p>En relaci\u00f3n a la situaci\u00f3n en la Ciudad de Buenos Aires, el sindicato indic\u00f3 que &#8220;estudiar\u00e1 la propuesta&#8221; del Gobierno de la Ciudad y &#8220;no descarta&#8221; implementar medidas de fuerza en el \u00e1mbito porte\u00f1o.<\/p>\n<p>El pasado 21 de febrero el Gobierno nacional ofreci\u00f3 a los docentes un aumento salarial del 45,4% a pagar en cuatro tramos.<\/p>\n<p>La oferta del Estado nacional eleva el salario m\u00ednimo a $50.000 a partir del 1 de marzo y a $60.000 en septiembre, inform\u00f3 el Ministerio de Educaci\u00f3n.<\/p>\n<p>Por su parte, el Gobierno bonaerense ofreci\u00f3 un aumento salarial del 41,8% a abonarse en tramos, y que lleva el sueldo de maestro inicial de grado a 78.549 pesos en septiembre.<\/p>\n<p>El martes, varias provincias mantuvieron reuniones paritarias de cara al inicio lectivo. El gobernador bonaerense Axel Kicillof, el santafesino Entre ellas Omar Perotti, el entrerriano Gustavo Bordet y la rionegrina Arabela Carreras, fueron algunos de ellos.<\/p>\n<p>Bajo este escenario, Kicillof ofert\u00f3 a los docentes un incremento del 41,8% en tres tramos. Se trata de 17% en marzo y 28% en julio, para alcanzar en septiembre una suba respecto a diciembre de 2021 del 41,8%, con revisi\u00f3n en septiembre.<\/p>\n<p>Por su parte, en tierra santafesina, el Gobierno del peronista Omar Perotti ofreci\u00f3 ayer a los maestros un incremento del 41,7% en cuatro tramos (17,5% en marzo, y tres cuotas de 8,08% en junio, agosto y septiembre), con revisi\u00f3n en octubre.<\/p>\n<p>Asimismo, en la provincia de Entre R\u00edos, la gesti\u00f3n de Bordet fue en l\u00ednea con Naci\u00f3n y propuso ayer a los docentes un aumento del 45,45% en cuatro tramos (21,21% en marzo y tres tramos de 8,08% en junio, agosto y septiembre), con revisi\u00f3n en septiembre.<\/p>\n<p>Ayer tambi\u00e9n se desarroll\u00f3 el primer encuentro en la provincia de R\u00edo Negro, donde el Gobierno de Carreras ofreci\u00f3 a los estatales y docentes un incremento del 21% para el primer semestre (6% en marzo, 4% en abril, 6% en mayo y 5% en junio), con revisi\u00f3n en junio.<\/p>\n","protected":false},"excerpt":{"rendered":"<p>La Uni\u00f3n Docentes Argentinos (UDA) advirti\u00f3 hoy que sus afiliados no comenzar\u00e1n las clases el pr\u00f3ximo 2 de marzo en provincia de Buenos Aires, Misiones, Santa Fe, Chubut, Catamarca y Mendoza &nbsp; &nbsp; La Uni\u00f3n Docentes Argentinos (UDA) advirti\u00f3 hoy que sus afiliados no comenzar\u00e1n las clases el pr\u00f3ximo 2 de marzo en provincia de Buenos Aires, Misiones, Santa Fe, Chubut, Catamarca y Mendoza. Desde el sindicato que encabeza Sergio Romero afirmaron en un comunicado que el d\u00eda del comienzo de clases en esas provincias har\u00e1 un paro por &#8220;no&#8230;<\/p>\n","protected":false},"author":3,"featured_media":7926,"comment_status":"closed","ping_status":"closed","sticky":false,"template":"","format":"standard","meta":[],"categories":[2],"tags":[],"_links":{"self":[{"href":"https:\/\/www.actualidadadiario.com\/index.php\/wp-json\/wp\/v2\/posts\/82748"}],"collection":[{"href":"https:\/\/www.actualidadadiario.com\/index.php\/wp-json\/wp\/v2\/posts"}],"about":[{"href":"https:\/\/www.actualidadadiario.com\/index.php\/wp-json\/wp\/v2\/types\/post"}],"author":[{"embeddable":true,"href":"https:\/\/www.actualidadadiario.com\/index.php\/wp-json\/wp\/v2\/users\/3"}],"replies":[{"embeddable":true,"href":"https:\/\/www.actualidadadiario.com\/index.php\/wp-json\/wp\/v2\/comments?post=82748"}],"version-history":[{"count":1,"href":"https:\/\/www.actualidadadiario.com\/index.php\/wp-json\/wp\/v2\/posts\/82748\/revisions"}],"predecessor-version":[{"id":82749,"href":"https:\/\/www.actualidadadiario.com\/index.php\/wp-json\/wp\/v2\/posts\/82748\/revisions\/82749"}],"wp:featuredmedia":[{"embeddable":true,"href":"https:\/\/www.actualidadadiario.com\/index.php\/wp-json\/wp\/v2\/media\/7926"}],"wp:attachment":[{"href":"https:\/\/www.actualidadadiario.com\/index.php\/wp-json\/wp\/v2\/media?parent=82748"}],"wp:term":[{"taxonomy":"category","embeddable":true,"href":"https:\/\/www.actualidadadiario.com\/index.php\/wp-json\/wp\/v2\/categories?post=82748"},{"taxonomy":"post_tag","embeddable":true,"href":"https:\/\/www.actualidadadiario.com\/index.php\/wp-json\/wp\/v2\/tags?post=82748"}],"curies":[{"name":"wp","href":"https:\/\/api.w.org\/{rel}","templated":true}]}}