{"id":82735,"date":"2022-02-23T13:23:47","date_gmt":"2022-02-23T16:23:47","guid":{"rendered":"https:\/\/www.actualidadadiario.com\/?p=82735"},"modified":"2022-02-23T13:23:59","modified_gmt":"2022-02-23T16:23:59","slug":"la-ansv-reporto-el-enero-con-menos-muertes-por-accidentes-de-transito-en-los-ultimos-14-anos","status":"publish","type":"post","link":"https:\/\/www.actualidadadiario.com\/index.php\/2022\/02\/23\/la-ansv-reporto-el-enero-con-menos-muertes-por-accidentes-de-transito-en-los-ultimos-14-anos\/","title":{"rendered":"La ANSV report\u00f3 el enero &#8220;con menos muertes&#8221; por accidentes de tr\u00e1nsito en los \u00faltimos 14 a\u00f1os"},"content":{"rendered":"<p style=\"text-align: center;\"><em><strong>Es en comparaci\u00f3n con estad\u00edsticas del mismo per\u00edodo contabilizadas desde el 2008, &#8220;pese que hubo un movimiento r\u00e9cord en las rutas&#8221;, se\u00f1al\u00f3 Mart\u00ednez Carignano, director ejecutivo de la agencia. Atribuy\u00f3 la disminuci\u00f3n al &#8220;trabajo de concientizaci\u00f3n y control&#8221;<\/strong><\/em><\/p>\n<p>&nbsp;<\/p>\n<p>&nbsp;<\/p>\n<p>El reporte mensual de siniestralidad, elaborado por la Direcci\u00f3n de Estad\u00edstica Vial, registr\u00f3 326 v\u00edctimas fatales en accidentes de tr\u00e1nsito durante el mes pasado, por lo que enero de 2022 es el que registr\u00f3 &#8220;menos muertos de los \u00faltimos 14 a\u00f1os&#8221;, se\u00f1al\u00f3 este martes Pablo Mart\u00ednez Carignano, director ejecutivo de la Agencia Nacional de Seguridad Vial (ANSV).<\/p>\n<p>En comparaci\u00f3n con estad\u00edsticas del mismo per\u00edodo contabilizadas desde el a\u00f1o 2008, enero registr\u00f3 la menor cantidad de muertos &#8220;pese que hubo un movimiento r\u00e9cord en las rutas&#8221;, se\u00f1al\u00f3 Carignano, y atribuy\u00f3 la disminuci\u00f3n de las cifras al &#8220;trabajo de concientizaci\u00f3n y control de las provincias apoyadas por la ANSV y la CNRT&#8221;.<\/p>\n<p>En enero pasado se registraron 286 siniestros fatales con 326 v\u00edctimas fatales, precis\u00f3 el informe de la Direcci\u00f3n de Estad\u00edstica Vial de la Direcci\u00f3n Nacional de Observaci\u00f3n Vial a partir de datos reportados por las jurisdicciones.<\/p>\n<p>Carignano apunt\u00f3 que &#8220;hay que seguir y profundizar&#8221; con las tareas de prevenci\u00f3n y cuidados ya que &#8220;el control salva vidas&#8221;.<\/p>\n<p>&nbsp;<\/p>\n<p><strong>Detalles del informe<\/strong><\/p>\n<p>El informe recolect\u00f3 los accidentes viales y muertes a nivel nacional, entendiendo como v\u00edctimas fatales a las personas fallecidas en el lugar del hecho o hasta 30 d\u00edas posteriores al mismo, y mostr\u00f3 una disminuci\u00f3n en la media de los \u00faltimos cinco a\u00f1os, ubicada en 396 muertes.<\/p>\n<p>Seg\u00fan esta estad\u00edstica, en enero de 2021 se registraron 351 v\u00edctimas fatales; en 2020, 410; en 2019, 394; en 2018, 498; y en 2017, 495, siendo estos \u00faltimos dos a\u00f1os los de mayor cantidad de muertes en el per\u00edodo 2008\/2022.<\/p>\n<p>Dentro de los fallecidos, se registr\u00f3 que el g\u00e9nero incide en la cantidad de muertes, ya que el n\u00famero de varones casi triplica al de mujeres (74% contra 26%).<\/p>\n<p>A su vez, la mayor cantidad de fallecidos se concentra en los 15 y los 34 a\u00f1os (37%) situaci\u00f3n en la que cuatro de cada diez v\u00edctimas se encuentran en este rango etario, seguido por las personas de 35 a 44 (18%).<\/p>\n<p>Por otro lado, las provincias en las que se registraron m\u00e1s siniestros fatales y muertos son Buenos Aires (77 v\u00edctimas fatales), C\u00f3rdoba (30), Santiago del Estero (24), Santa Fe (21), Tucum\u00e1n (16) y Misiones (18), mientras que la \u00fanica que no registr\u00f3 casos fue Santa Cruz.<\/p>\n<p>La colisi\u00f3n -producida entre dos veh\u00edculos que van en movimiento- encabeza la lista del tipo de siniestros m\u00e1s habituales, con 5 de cada 10 siniestros (54%), seguido por el vuelco (13%), el atropello a peat\u00f3n (11%) y el choque (4%), que ocurre cuando un veh\u00edculo en movimiento impacta contra un objeto est\u00e1tico.<\/p>\n<p>El informe tambi\u00e9n detall\u00f3 que los lugares donde se registraron mayores siniestros viales son las rutas, con un 53% de incidencia, con mayor peso de las rutas nacionales, seguidas por las calles, con un 24% y las avenidas, con un 15%.<\/p>\n<p>En lo que respecta a las horas del d\u00eda con m\u00e1s cantidad de v\u00edctimas fatales, se registr\u00f3 que hubo mayor incidencia sobre los peatones durante las 10 y las 12 de la ma\u00f1ana, mientras que los autom\u00f3viles tuvieron mayor presencia de fallecidos en dos momentos: de 8 a 9 de la ma\u00f1ana y de 17 a 19 por la tarde.<\/p>\n<p>&nbsp;<\/p>\n<p><strong>Accidentes con motos<\/strong><\/p>\n<p>Asimismo, las motos reportaron mayor cantidad de fallecidos entre las 20 y 22 de la noche.<\/p>\n<p>Tambi\u00e9n se report\u00f3 que la diferencia fue de \u00fanicamente el 1% en la cantidad de siniestros totales entre las horas diurnas (7:01 a 19:00) y nocturnas (19:01 a 7:00).<\/p>\n<p>Por \u00faltimo, el informe se\u00f1al\u00f3 los primeros d\u00edas del a\u00f1o se observa un tr\u00e1nsito mayor al registrado previo al aislamiento.<\/p>\n<p>En este caso, la moto es el medio de transporte que registr\u00f3 mayor cantidad de v\u00edctimas fatales (41%), seguido por el autom\u00f3vil (31%), la camioneta (11%), el peat\u00f3n (9%), la bicicleta (4%) y los transportes de carga (3%).<\/p>\n<p>Adem\u00e1s, los datos reportados muestran que seis de cada diez fallecidos en el norte del pa\u00eds (noroeste y noreste argentinos) son ocupantes de motos, en contraste con la Patagonia, la \u00fanica regi\u00f3n donde los ocupantes de motos no son la principal v\u00edctima.<\/p>\n","protected":false},"excerpt":{"rendered":"<p>Es en comparaci\u00f3n con estad\u00edsticas del mismo per\u00edodo contabilizadas desde el 2008, &#8220;pese que hubo un movimiento r\u00e9cord en las rutas&#8221;, se\u00f1al\u00f3 Mart\u00ednez Carignano, director ejecutivo de la agencia. Atribuy\u00f3 la disminuci\u00f3n al &#8220;trabajo de concientizaci\u00f3n y control&#8221; &nbsp; &nbsp; El reporte mensual de siniestralidad, elaborado por la Direcci\u00f3n de Estad\u00edstica Vial, registr\u00f3 326 v\u00edctimas fatales en accidentes de tr\u00e1nsito durante el mes pasado, por lo que enero de 2022 es el que registr\u00f3 &#8220;menos muertos de los \u00faltimos 14 a\u00f1os&#8221;, se\u00f1al\u00f3 este martes Pablo Mart\u00ednez Carignano, director ejecutivo de&#8230;<\/p>\n","protected":false},"author":3,"featured_media":82736,"comment_status":"closed","ping_status":"closed","sticky":false,"template":"","format":"standard","meta":[],"categories":[2],"tags":[],"_links":{"self":[{"href":"https:\/\/www.actualidadadiario.com\/index.php\/wp-json\/wp\/v2\/posts\/82735"}],"collection":[{"href":"https:\/\/www.actualidadadiario.com\/index.php\/wp-json\/wp\/v2\/posts"}],"about":[{"href":"https:\/\/www.actualidadadiario.com\/index.php\/wp-json\/wp\/v2\/types\/post"}],"author":[{"embeddable":true,"href":"https:\/\/www.actualidadadiario.com\/index.php\/wp-json\/wp\/v2\/users\/3"}],"replies":[{"embeddable":true,"href":"https:\/\/www.actualidadadiario.com\/index.php\/wp-json\/wp\/v2\/comments?post=82735"}],"version-history":[{"count":2,"href":"https:\/\/www.actualidadadiario.com\/index.php\/wp-json\/wp\/v2\/posts\/82735\/revisions"}],"predecessor-version":[{"id":82738,"href":"https:\/\/www.actualidadadiario.com\/index.php\/wp-json\/wp\/v2\/posts\/82735\/revisions\/82738"}],"wp:featuredmedia":[{"embeddable":true,"href":"https:\/\/www.actualidadadiario.com\/index.php\/wp-json\/wp\/v2\/media\/82736"}],"wp:attachment":[{"href":"https:\/\/www.actualidadadiario.com\/index.php\/wp-json\/wp\/v2\/media?parent=82735"}],"wp:term":[{"taxonomy":"category","embeddable":true,"href":"https:\/\/www.actualidadadiario.com\/index.php\/wp-json\/wp\/v2\/categories?post=82735"},{"taxonomy":"post_tag","embeddable":true,"href":"https:\/\/www.actualidadadiario.com\/index.php\/wp-json\/wp\/v2\/tags?post=82735"}],"curies":[{"name":"wp","href":"https:\/\/api.w.org\/{rel}","templated":true}]}}