{"id":8273,"date":"2017-03-10T10:51:11","date_gmt":"2017-03-10T13:51:11","guid":{"rendered":"http:\/\/actualidadadiario.com\/site\/?p=8273"},"modified":"2017-03-10T10:51:11","modified_gmt":"2017-03-10T13:51:11","slug":"reglamentan-la-ley-que-le-da-30-000-millones-a-organizaciones-sociales","status":"publish","type":"post","link":"https:\/\/www.actualidadadiario.com\/index.php\/2017\/03\/10\/reglamentan-la-ley-que-le-da-30-000-millones-a-organizaciones-sociales\/","title":{"rendered":"Reglamentan la ley que le da $ 30.000 millones a organizaciones sociales"},"content":{"rendered":"<p><em><strong>Finalmente, el gobierno reglament\u00f3 hoy la ley 27.345, aprobada por el Congreso en diciembre pasado, que prorrog\u00f3 la emergencia social hasta el 31 de diciembre de 2019, y que fuera fruto del acuerdo firmado entre las organizaciones sociales y el Ejecutivo<\/strong><\/em><\/p>\n<p>&nbsp;<\/p>\n<p>&nbsp;<\/p>\n<p>&nbsp;<\/p>\n<p>&nbsp;<\/p>\n<p>&nbsp;<\/p>\n<p>&nbsp;<\/p>\n<p>La medida se oficializa tras sucesivos pedidos por parte de la Confederaci\u00f3n de Trabajadores de la Econom\u00eda Popular, Barrios de Pie y la Corriente Clasista y Combativa, entidades que impulsaron la norma y que reclamaban, justamente, esta reglamentaci\u00f3n.<\/p>\n<p>&nbsp;<\/p>\n<p>La puesta en marcha de la Emergencia Social establece un desembolso de entre $ 25.000 y $ 30.000 millones, de aqu\u00ed hasta 2019, que se repartir\u00e1 en concepto de salario complementario social, entre otros beneficios, para los trabajadores del sector informal que integran estas organizaciones.<\/p>\n<p>&nbsp;<\/p>\n<p>La denominada ley de Emergencia Social cre\u00f3 el Consejo de la Econom\u00eda Popular y el Salario Social Complementario, adem\u00e1s del Registro Nacional de la Econom\u00eda Popular, ambos en el \u00e1mbito del ministerio de Desarrollo Social, por lo que el decreto 159\/17 publicado en el Bolet\u00edn Oficial establece la reglamentaci\u00f3n de los art\u00edculos vinculados con estos temas.<\/p>\n<p>&nbsp;<\/p>\n<p>El art\u00edculo 2 del decreto define a la econom\u00eda popular como &#8220;toda actividad creadora y productiva asociada a mejorar los medios de vida de actores de alta vulnerabilidad social, con el objeto de generar y\/o comercializar bienes y servicios que sustenten su propio desarrollo o el familiar&#8221;, siguiendo las definiciones establecidas por la Recomendaci\u00f3n 204 de la Organizaci\u00f3n Internacional de Trabajo y de la Resoluci\u00f3n N\u00b0 32\/2016 del registro del Ministerio de Trabajo, Empleo y Seguridad Social.<\/p>\n<p>&nbsp;<\/p>\n<p>Con la firma del presidente Mauricio Macri, el jefe de Gabinete Marcos Pe\u00f1a y los ministros de Trabajo, Desarrollo Social y Econom\u00eda, Jorge Triaca, Carolina Stanley y Nicol\u00e1s Dujovne, respectivamente, el decreto faculta a las tres carteras a &#8220;dictar toda la normativa complementaria que resulte menester para el cumplimiento de la reglamentaci\u00f3n&#8221;.<\/p>\n<p>&nbsp;<\/p>\n<p>Por otra parte, se establece que los tres ministerios y las tres organizaciones consignadas &#8220;designar\u00e1n, respectivamente, un representante titular y un reemplazante, que podr\u00e1 participar de las reuniones, y en caso de vacancia o imposibilidad del primero, ocupar\u00e1 su lugar&#8221; en el mencionado Consejo.<\/p>\n","protected":false},"excerpt":{"rendered":"<p>Finalmente, el gobierno reglament\u00f3 hoy la ley 27.345, aprobada por el Congreso en diciembre pasado, que prorrog\u00f3 la emergencia social hasta el 31 de diciembre de 2019, y que fuera fruto del acuerdo firmado entre las organizaciones sociales y el Ejecutivo &nbsp; &nbsp; &nbsp; &nbsp; &nbsp; &nbsp; La medida se oficializa tras sucesivos pedidos por parte de la Confederaci\u00f3n de Trabajadores de la Econom\u00eda Popular, Barrios de Pie y la Corriente Clasista y Combativa, entidades que impulsaron la norma y que reclamaban, justamente, esta reglamentaci\u00f3n. &nbsp; La puesta en marcha&#8230;<\/p>\n","protected":false},"author":3,"featured_media":8274,"comment_status":"closed","ping_status":"closed","sticky":false,"template":"","format":"standard","meta":[],"categories":[18],"tags":[],"_links":{"self":[{"href":"https:\/\/www.actualidadadiario.com\/index.php\/wp-json\/wp\/v2\/posts\/8273"}],"collection":[{"href":"https:\/\/www.actualidadadiario.com\/index.php\/wp-json\/wp\/v2\/posts"}],"about":[{"href":"https:\/\/www.actualidadadiario.com\/index.php\/wp-json\/wp\/v2\/types\/post"}],"author":[{"embeddable":true,"href":"https:\/\/www.actualidadadiario.com\/index.php\/wp-json\/wp\/v2\/users\/3"}],"replies":[{"embeddable":true,"href":"https:\/\/www.actualidadadiario.com\/index.php\/wp-json\/wp\/v2\/comments?post=8273"}],"version-history":[{"count":1,"href":"https:\/\/www.actualidadadiario.com\/index.php\/wp-json\/wp\/v2\/posts\/8273\/revisions"}],"predecessor-version":[{"id":8275,"href":"https:\/\/www.actualidadadiario.com\/index.php\/wp-json\/wp\/v2\/posts\/8273\/revisions\/8275"}],"wp:featuredmedia":[{"embeddable":true,"href":"https:\/\/www.actualidadadiario.com\/index.php\/wp-json\/wp\/v2\/media\/8274"}],"wp:attachment":[{"href":"https:\/\/www.actualidadadiario.com\/index.php\/wp-json\/wp\/v2\/media?parent=8273"}],"wp:term":[{"taxonomy":"category","embeddable":true,"href":"https:\/\/www.actualidadadiario.com\/index.php\/wp-json\/wp\/v2\/categories?post=8273"},{"taxonomy":"post_tag","embeddable":true,"href":"https:\/\/www.actualidadadiario.com\/index.php\/wp-json\/wp\/v2\/tags?post=8273"}],"curies":[{"name":"wp","href":"https:\/\/api.w.org\/{rel}","templated":true}]}}