{"id":82714,"date":"2022-02-22T13:58:58","date_gmt":"2022-02-22T16:58:58","guid":{"rendered":"https:\/\/www.actualidadadiario.com\/?p=82714"},"modified":"2022-02-22T13:58:58","modified_gmt":"2022-02-22T16:58:58","slug":"colombia-la-justicia-despenalizo-el-aborto-hasta-la-semana-24-de-gestacion","status":"publish","type":"post","link":"https:\/\/www.actualidadadiario.com\/index.php\/2022\/02\/22\/colombia-la-justicia-despenalizo-el-aborto-hasta-la-semana-24-de-gestacion\/","title":{"rendered":"Colombia: la Justicia despenaliz\u00f3 el aborto hasta la semana 24 de gestaci\u00f3n"},"content":{"rendered":"<p style=\"text-align: center;\"><em><strong>En un esperado fallo, la Corte Constitucional levant\u00f3 la penalizaci\u00f3n de la interrupci\u00f3n voluntaria del embarazo en ese plazo. Tuvo cinco votos a favor y cuatro en contra<\/strong><\/em><\/p>\n<p>&nbsp;<\/p>\n<p>&nbsp;<\/p>\n<p>En una jornada hist\u00f3rica, la Corte Constitucional de Colombia dictamin\u00f3 que las mujeres podr\u00e1n acceder a un aborto hasta las primeras 24 semanas de gestaci\u00f3n, adem\u00e1s de las tres causales, tras el estudio de una demanda al art\u00edculo del C\u00f3digo Penal que declaraba como delito la interrupci\u00f3n del embarazo.<\/p>\n<p>La decisi\u00f3n fue el producto de cinco votos a favor y cuatro en contra, por parte de los magistrados del Tribunal encargado de velar por el cumplimiento de la Carta Magna.<\/p>\n<p>La &#8220;conducta del aborto solo ser\u00e1 punible cuando se realice despu\u00e9s de la vig\u00e9sima cuarta (24) semana de gestaci\u00f3n y, en todo caso, este l\u00edmite temporal no ser\u00e1 aplicable a los tres supuestos fijados en la Sentencia C-355 de 2006&#8221;, precis\u00f3 la Corte en un comunicado.<\/p>\n<p>El colectivo feminista Causa Justa interpuso la demanda para que se eliminara el delito del aborto, sin embargo, la decisi\u00f3n de la Corte no fue la despenalizaci\u00f3n total de la interrupci\u00f3n del embarazo, sino la de trazar una l\u00ednea de temporalidad.<\/p>\n<p>Desde 2006 en Colombia las mujeres pueden abortar en tres casos: cuando el embarazo representa un riesgo para su vida, cuando el feto tiene graves malformaciones o su vida es inviable y cuando la concepci\u00f3n es el resultado de una violaci\u00f3n.<\/p>\n<p>En su decisi\u00f3n, la Corte exhort\u00f3 al Congreso y al Gobierno para que &#8220;en el menor tiempo posible&#8221; establezcan una &#8220;pol\u00edtica p\u00fablica integral&#8221; que &#8220;evite los amplios m\u00e1rgenes de desprotecci\u00f3n para la dignidad y los derechos de las mujeres gestantes&#8221; y &#8220;proteja el bien jur\u00eddico de la vida en gestaci\u00f3n sin afectar tales garant\u00edas&#8221;.<\/p>\n<p>&nbsp;<\/p>\n<p><strong>Reacciones<\/strong><\/p>\n<p>La alcaldesa de Bogot\u00e1, Claudia L\u00f3pez, salud\u00f3 el fallo a trav\u00e9s de Twitter: &#8220;Este es el logro hist\u00f3rico m\u00e1s importante para la vida, la autonom\u00eda y la realizaci\u00f3n plena e igualitaria de las mujeres. \u00a1Gracias mujeres! \u00a1Gracias, Corte Constitucional!&#8221;, celebr\u00f3.<\/p>\n<p>Ang\u00e9lica Lozano, senadora de la Alianza Verde, dijo que se trata de &#8220;un triunfo hist\u00f3rico de las mujeres y de la acci\u00f3n colectiva&#8221;.<\/p>\n<p>Katherine Miranda, representante (diputada) por Bogot\u00e1, celebr\u00f3 y agradeci\u00f3 a la Corte Constitucional: &#8220;Ganamos mujeres&#8221;, afirm\u00f3.<\/p>\n<p>Martha Peralta Epiey\u00fa, l\u00edder ind\u00edgena y actual presidenta del Movimiento MAIS, critic\u00f3 al Congreso por no haber reglamentado el aborto en sus legislaciones pasadas, pero se uni\u00f3 a los festejos.<\/p>\n<p>&#8220;Una victoria para las mujeres que tanto han luchado derechos y libertades&#8221;, coment\u00f3.<\/p>\n<p>La directora para las Am\u00e9ricas de Amnist\u00eda Internacional, Erika Guevara-Rosas, subi\u00f3 en las redes sociales un video en el que se ve a un grupo de mujeres celebrado el anuncio frente a la sede de la Corte Constitucional, en Bogot\u00e1.<\/p>\n<p>&#8220;Vamos por m\u00e1s, la marea verde es imparable, gracias hermanas colombianas&#8221;, sentenci\u00f3.<\/p>\n<p>Jos\u00e9 Miguel Vivanco, exdirector de la Divisi\u00f3n de las Am\u00e9ricas de Human Rights Watch, por su parte celebr\u00f3 la &#8216;buena noticia&#8217; y record\u00f3 que la Argentina y M\u00e9xico tambi\u00e9n despenalizaron el aborto.<\/p>\n","protected":false},"excerpt":{"rendered":"<p>En un esperado fallo, la Corte Constitucional levant\u00f3 la penalizaci\u00f3n de la interrupci\u00f3n voluntaria del embarazo en ese plazo. Tuvo cinco votos a favor y cuatro en contra &nbsp; &nbsp; En una jornada hist\u00f3rica, la Corte Constitucional de Colombia dictamin\u00f3 que las mujeres podr\u00e1n acceder a un aborto hasta las primeras 24 semanas de gestaci\u00f3n, adem\u00e1s de las tres causales, tras el estudio de una demanda al art\u00edculo del C\u00f3digo Penal que declaraba como delito la interrupci\u00f3n del embarazo. La decisi\u00f3n fue el producto de cinco votos a favor y&#8230;<\/p>\n","protected":false},"author":3,"featured_media":82715,"comment_status":"closed","ping_status":"closed","sticky":false,"template":"","format":"standard","meta":[],"categories":[4],"tags":[],"_links":{"self":[{"href":"https:\/\/www.actualidadadiario.com\/index.php\/wp-json\/wp\/v2\/posts\/82714"}],"collection":[{"href":"https:\/\/www.actualidadadiario.com\/index.php\/wp-json\/wp\/v2\/posts"}],"about":[{"href":"https:\/\/www.actualidadadiario.com\/index.php\/wp-json\/wp\/v2\/types\/post"}],"author":[{"embeddable":true,"href":"https:\/\/www.actualidadadiario.com\/index.php\/wp-json\/wp\/v2\/users\/3"}],"replies":[{"embeddable":true,"href":"https:\/\/www.actualidadadiario.com\/index.php\/wp-json\/wp\/v2\/comments?post=82714"}],"version-history":[{"count":1,"href":"https:\/\/www.actualidadadiario.com\/index.php\/wp-json\/wp\/v2\/posts\/82714\/revisions"}],"predecessor-version":[{"id":82716,"href":"https:\/\/www.actualidadadiario.com\/index.php\/wp-json\/wp\/v2\/posts\/82714\/revisions\/82716"}],"wp:featuredmedia":[{"embeddable":true,"href":"https:\/\/www.actualidadadiario.com\/index.php\/wp-json\/wp\/v2\/media\/82715"}],"wp:attachment":[{"href":"https:\/\/www.actualidadadiario.com\/index.php\/wp-json\/wp\/v2\/media?parent=82714"}],"wp:term":[{"taxonomy":"category","embeddable":true,"href":"https:\/\/www.actualidadadiario.com\/index.php\/wp-json\/wp\/v2\/categories?post=82714"},{"taxonomy":"post_tag","embeddable":true,"href":"https:\/\/www.actualidadadiario.com\/index.php\/wp-json\/wp\/v2\/tags?post=82714"}],"curies":[{"name":"wp","href":"https:\/\/api.w.org\/{rel}","templated":true}]}}