{"id":82712,"date":"2022-02-22T13:39:02","date_gmt":"2022-02-22T16:39:02","guid":{"rendered":"https:\/\/www.actualidadadiario.com\/?p=82712"},"modified":"2022-02-22T13:39:02","modified_gmt":"2022-02-22T16:39:02","slug":"paritaria-salarial-el-gobierno-provincial-se-reune-con-gremios-docentes","status":"publish","type":"post","link":"https:\/\/www.actualidadadiario.com\/index.php\/2022\/02\/22\/paritaria-salarial-el-gobierno-provincial-se-reune-con-gremios-docentes\/","title":{"rendered":"Paritaria salarial: el Gobierno provincial se re\u00fane con gremios docentes"},"content":{"rendered":"<p style=\"text-align: center;\"><em><strong>Este nuevo encuentro, que se realizar\u00e1 26 d\u00edas despu\u00e9s del primero, se llevar\u00e1 a cabo este martes desde el mediod\u00eda en el Sal\u00f3n Auditorio del Consejo General de Educaci\u00f3n (CGE). Los gremios que participan<\/strong><\/em><\/p>\n<p>&nbsp;<\/p>\n<p>&nbsp;<\/p>\n<p>La Secretar\u00eda de Trabajo de la provincia convoc\u00f3 a la Asociaci\u00f3n Gremial del Magisterio de Entre R\u00edos (Agmer), la Asociaci\u00f3n del Magisterio de la Ense\u00f1anza T\u00e9cnica (AMET), el Sindicato Argentino de Docentes Privados (Sadop) y la Uni\u00f3n de Docentes Argentinos (UDA) al segundo encuentro con autoridades del Consejo General de Educaci\u00f3n (CGE), en el marco de la paritaria salarial docente.<\/p>\n<p>Vale mencionar que en la primera reuni\u00f3n el ministro de Econom\u00eda, Hugo Ballay, present\u00f3 una propuesta tendiente igualar el incremento de los salarios a la inflaci\u00f3n del 2021, que consiste en otorgar una suba del 8,9%. Tambi\u00e9n plante\u00f3 un esquema de aumentos porcentuales para el 2022. Luego se pas\u00f3 a cuarto intermedio para que los sindicatos analicen el ofrecimiento.<\/p>\n<p>Tras recibir la convocatoria a la segunda reuni\u00f3n, Agmer inform\u00f3 que \u201ccontinuar\u00e1 planteando las exigencias del colectivo docente organizado para dignificar el salario de las y los trabajadores de la educaci\u00f3n\u201d.<\/p>\n","protected":false},"excerpt":{"rendered":"<p>Este nuevo encuentro, que se realizar\u00e1 26 d\u00edas despu\u00e9s del primero, se llevar\u00e1 a cabo este martes desde el mediod\u00eda en el Sal\u00f3n Auditorio del Consejo General de Educaci\u00f3n (CGE). Los gremios que participan &nbsp; &nbsp; La Secretar\u00eda de Trabajo de la provincia convoc\u00f3 a la Asociaci\u00f3n Gremial del Magisterio de Entre R\u00edos (Agmer), la Asociaci\u00f3n del Magisterio de la Ense\u00f1anza T\u00e9cnica (AMET), el Sindicato Argentino de Docentes Privados (Sadop) y la Uni\u00f3n de Docentes Argentinos (UDA) al segundo encuentro con autoridades del Consejo General de Educaci\u00f3n (CGE), en el&#8230;<\/p>\n","protected":false},"author":3,"featured_media":82648,"comment_status":"closed","ping_status":"closed","sticky":false,"template":"","format":"standard","meta":[],"categories":[9,15],"tags":[],"_links":{"self":[{"href":"https:\/\/www.actualidadadiario.com\/index.php\/wp-json\/wp\/v2\/posts\/82712"}],"collection":[{"href":"https:\/\/www.actualidadadiario.com\/index.php\/wp-json\/wp\/v2\/posts"}],"about":[{"href":"https:\/\/www.actualidadadiario.com\/index.php\/wp-json\/wp\/v2\/types\/post"}],"author":[{"embeddable":true,"href":"https:\/\/www.actualidadadiario.com\/index.php\/wp-json\/wp\/v2\/users\/3"}],"replies":[{"embeddable":true,"href":"https:\/\/www.actualidadadiario.com\/index.php\/wp-json\/wp\/v2\/comments?post=82712"}],"version-history":[{"count":1,"href":"https:\/\/www.actualidadadiario.com\/index.php\/wp-json\/wp\/v2\/posts\/82712\/revisions"}],"predecessor-version":[{"id":82713,"href":"https:\/\/www.actualidadadiario.com\/index.php\/wp-json\/wp\/v2\/posts\/82712\/revisions\/82713"}],"wp:featuredmedia":[{"embeddable":true,"href":"https:\/\/www.actualidadadiario.com\/index.php\/wp-json\/wp\/v2\/media\/82648"}],"wp:attachment":[{"href":"https:\/\/www.actualidadadiario.com\/index.php\/wp-json\/wp\/v2\/media?parent=82712"}],"wp:term":[{"taxonomy":"category","embeddable":true,"href":"https:\/\/www.actualidadadiario.com\/index.php\/wp-json\/wp\/v2\/categories?post=82712"},{"taxonomy":"post_tag","embeddable":true,"href":"https:\/\/www.actualidadadiario.com\/index.php\/wp-json\/wp\/v2\/tags?post=82712"}],"curies":[{"name":"wp","href":"https:\/\/api.w.org\/{rel}","templated":true}]}}