{"id":82709,"date":"2022-02-22T13:38:08","date_gmt":"2022-02-22T16:38:08","guid":{"rendered":"https:\/\/www.actualidadadiario.com\/?p=82709"},"modified":"2022-02-22T13:38:08","modified_gmt":"2022-02-22T16:38:08","slug":"regresa-la-presencialidad-a-las-facultades-entrerrianas-de-la-utn","status":"publish","type":"post","link":"https:\/\/www.actualidadadiario.com\/index.php\/2022\/02\/22\/regresa-la-presencialidad-a-las-facultades-entrerrianas-de-la-utn\/","title":{"rendered":"Regresa la presencialidad a las facultades entrerrianas de la UTN"},"content":{"rendered":"<p style=\"text-align: center;\"><em><strong>Las Facultades Regionales Paran\u00e1, Concordia y Concepci\u00f3n del Uruguay de la Universidad Tecnol\u00f3gica Nacional (UTN) retoman la modalidad presencial a partir del inicio del ciclo lectivo 2022. No se solicitar\u00e1 pase sanitario, pero las actividades acad\u00e9micas se desarrollar\u00e1n en condiciones cuidadas<\/strong><\/em><\/p>\n<p>&nbsp;<\/p>\n<p>&nbsp;<\/p>\n<p>Las facultades entrerrianas de la UTN anunciaron el retorno a la presencialidad \u201cluego de dos a\u00f1os con fuerte incidencia de la pandemia de Covid -19 en la vida universitaria, como sucedi\u00f3 en todos los estamentos y en todos los niveles a escala mundial\u201d.<\/p>\n<p>Precisaron que para esta etapa se implementar\u00e1n \u201clos debidos cuidados y el uso obligatorio de barbijo o tapabocas en el interior de los edificios de cada una de las sedes\u201d.<\/p>\n<p>\u201cLa permanente recomendaci\u00f3n acerca de cuidados fundamentales, como la higiene de manos y el oportuno aviso e inmediato aislamiento en caso de la aparici\u00f3n de s\u00edntomas compatibles con la enfermedad, integran los nuevos ejes indispensables de la convivencia en los edificios universitarios\u201d, subrayaron<\/p>\n<p>Tambi\u00e9n destacaron \u201cla importancia de la ventilaci\u00f3n cruzada y desinfecci\u00f3n de los espacios \u00e1ulicos\u201d y aseguraron que \u201cse trabajar\u00e1 con intensidad en la promoci\u00f3n y concientizaci\u00f3n acerca de la necesidad de la vacunaci\u00f3n contra el Covid\u201d.<\/p>\n<p>Adem\u00e1s, se\u00f1alaron que \u201cdurante este per\u00edodo excepcional\u201d de pandemia se fortalecieron \u201clas capacidades para el trabajo y la educaci\u00f3n virtual\u201d de las facultades regionales de la UTN. Por ello aseguraron que \u201cen caso de ser necesario, siempre estar\u00e1 a disposici\u00f3n la herramienta tecnol\u00f3gica para auxilio frente a eventualidades que pudieran presentarse\u201d.<\/p>\n","protected":false},"excerpt":{"rendered":"<p>Las Facultades Regionales Paran\u00e1, Concordia y Concepci\u00f3n del Uruguay de la Universidad Tecnol\u00f3gica Nacional (UTN) retoman la modalidad presencial a partir del inicio del ciclo lectivo 2022. No se solicitar\u00e1 pase sanitario, pero las actividades acad\u00e9micas se desarrollar\u00e1n en condiciones cuidadas &nbsp; &nbsp; Las facultades entrerrianas de la UTN anunciaron el retorno a la presencialidad \u201cluego de dos a\u00f1os con fuerte incidencia de la pandemia de Covid -19 en la vida universitaria, como sucedi\u00f3 en todos los estamentos y en todos los niveles a escala mundial\u201d. Precisaron que para esta&#8230;<\/p>\n","protected":false},"author":3,"featured_media":82710,"comment_status":"closed","ping_status":"closed","sticky":false,"template":"","format":"standard","meta":[],"categories":[15],"tags":[],"_links":{"self":[{"href":"https:\/\/www.actualidadadiario.com\/index.php\/wp-json\/wp\/v2\/posts\/82709"}],"collection":[{"href":"https:\/\/www.actualidadadiario.com\/index.php\/wp-json\/wp\/v2\/posts"}],"about":[{"href":"https:\/\/www.actualidadadiario.com\/index.php\/wp-json\/wp\/v2\/types\/post"}],"author":[{"embeddable":true,"href":"https:\/\/www.actualidadadiario.com\/index.php\/wp-json\/wp\/v2\/users\/3"}],"replies":[{"embeddable":true,"href":"https:\/\/www.actualidadadiario.com\/index.php\/wp-json\/wp\/v2\/comments?post=82709"}],"version-history":[{"count":1,"href":"https:\/\/www.actualidadadiario.com\/index.php\/wp-json\/wp\/v2\/posts\/82709\/revisions"}],"predecessor-version":[{"id":82711,"href":"https:\/\/www.actualidadadiario.com\/index.php\/wp-json\/wp\/v2\/posts\/82709\/revisions\/82711"}],"wp:featuredmedia":[{"embeddable":true,"href":"https:\/\/www.actualidadadiario.com\/index.php\/wp-json\/wp\/v2\/media\/82710"}],"wp:attachment":[{"href":"https:\/\/www.actualidadadiario.com\/index.php\/wp-json\/wp\/v2\/media?parent=82709"}],"wp:term":[{"taxonomy":"category","embeddable":true,"href":"https:\/\/www.actualidadadiario.com\/index.php\/wp-json\/wp\/v2\/categories?post=82709"},{"taxonomy":"post_tag","embeddable":true,"href":"https:\/\/www.actualidadadiario.com\/index.php\/wp-json\/wp\/v2\/tags?post=82709"}],"curies":[{"name":"wp","href":"https:\/\/api.w.org\/{rel}","templated":true}]}}