{"id":82706,"date":"2022-02-22T13:37:26","date_gmt":"2022-02-22T16:37:26","guid":{"rendered":"https:\/\/www.actualidadadiario.com\/?p=82706"},"modified":"2022-02-22T13:37:26","modified_gmt":"2022-02-22T16:37:26","slug":"por-tareas-de-bacheo-el-tunel-operara-con-transito-alternado","status":"publish","type":"post","link":"https:\/\/www.actualidadadiario.com\/index.php\/2022\/02\/22\/por-tareas-de-bacheo-el-tunel-operara-con-transito-alternado\/","title":{"rendered":"Por tareas de bacheo, el T\u00fanel operar\u00e1 con tr\u00e1nsito alternado"},"content":{"rendered":"<p style=\"text-align: center;\"><em><strong>El tr\u00e1nsito en el T\u00fanel Subfluvial Uranga-Silvestre Begnis ser\u00e1 alternado y la velocidad reducida desde las 22 de este martes y hasta las 6 del mi\u00e9rcoles. \u00a0Se solicita a los automovilistas que circulen con precauci\u00f3n<\/strong><\/em><\/p>\n<p>&nbsp;<\/p>\n<p>&nbsp;<\/p>\n<p>La medida se debe a la realizaci\u00f3n de tareas de bacheo en la zona de peaje. Por tal motivo, se solicita a aquellos automovilistas que circulen en ambos sentidos (Paran\u00e1-Santa Fe; Santa Fe-Paran\u00e1), lo hagan con precauci\u00f3n y respetando las velocidades establecidas para una mayor seguridad.<\/p>\n<p>Seg\u00fan se informa desde el \u00e1rea t\u00e9cnica del T\u00fanel Subfluvial, desde las 22 de este martes comenzar\u00e1n los trabajos por parte del personal del Ente, y desde las 2 de la ma\u00f1ana de este mi\u00e9rcoles, se operar\u00e1 con tr\u00e1nsito alternado y reducci\u00f3n de velocidad, hasta la hora 6.<\/p>\n","protected":false},"excerpt":{"rendered":"<p>El tr\u00e1nsito en el T\u00fanel Subfluvial Uranga-Silvestre Begnis ser\u00e1 alternado y la velocidad reducida desde las 22 de este martes y hasta las 6 del mi\u00e9rcoles. \u00a0Se solicita a los automovilistas que circulen con precauci\u00f3n &nbsp; &nbsp; La medida se debe a la realizaci\u00f3n de tareas de bacheo en la zona de peaje. Por tal motivo, se solicita a aquellos automovilistas que circulen en ambos sentidos (Paran\u00e1-Santa Fe; Santa Fe-Paran\u00e1), lo hagan con precauci\u00f3n y respetando las velocidades establecidas para una mayor seguridad. Seg\u00fan se informa desde el \u00e1rea t\u00e9cnica&#8230;<\/p>\n","protected":false},"author":3,"featured_media":82707,"comment_status":"closed","ping_status":"closed","sticky":false,"template":"","format":"standard","meta":[],"categories":[15],"tags":[],"_links":{"self":[{"href":"https:\/\/www.actualidadadiario.com\/index.php\/wp-json\/wp\/v2\/posts\/82706"}],"collection":[{"href":"https:\/\/www.actualidadadiario.com\/index.php\/wp-json\/wp\/v2\/posts"}],"about":[{"href":"https:\/\/www.actualidadadiario.com\/index.php\/wp-json\/wp\/v2\/types\/post"}],"author":[{"embeddable":true,"href":"https:\/\/www.actualidadadiario.com\/index.php\/wp-json\/wp\/v2\/users\/3"}],"replies":[{"embeddable":true,"href":"https:\/\/www.actualidadadiario.com\/index.php\/wp-json\/wp\/v2\/comments?post=82706"}],"version-history":[{"count":1,"href":"https:\/\/www.actualidadadiario.com\/index.php\/wp-json\/wp\/v2\/posts\/82706\/revisions"}],"predecessor-version":[{"id":82708,"href":"https:\/\/www.actualidadadiario.com\/index.php\/wp-json\/wp\/v2\/posts\/82706\/revisions\/82708"}],"wp:featuredmedia":[{"embeddable":true,"href":"https:\/\/www.actualidadadiario.com\/index.php\/wp-json\/wp\/v2\/media\/82707"}],"wp:attachment":[{"href":"https:\/\/www.actualidadadiario.com\/index.php\/wp-json\/wp\/v2\/media?parent=82706"}],"wp:term":[{"taxonomy":"category","embeddable":true,"href":"https:\/\/www.actualidadadiario.com\/index.php\/wp-json\/wp\/v2\/categories?post=82706"},{"taxonomy":"post_tag","embeddable":true,"href":"https:\/\/www.actualidadadiario.com\/index.php\/wp-json\/wp\/v2\/tags?post=82706"}],"curies":[{"name":"wp","href":"https:\/\/api.w.org\/{rel}","templated":true}]}}