{"id":82703,"date":"2022-02-22T13:36:44","date_gmt":"2022-02-22T16:36:44","guid":{"rendered":"https:\/\/www.actualidadadiario.com\/?p=82703"},"modified":"2022-02-22T13:36:44","modified_gmt":"2022-02-22T16:36:44","slug":"bordet-el-censo-es-una-herramienta-importante-para-poder-decidir-sobre-politicas-publicas","status":"publish","type":"post","link":"https:\/\/www.actualidadadiario.com\/index.php\/2022\/02\/22\/bordet-el-censo-es-una-herramienta-importante-para-poder-decidir-sobre-politicas-publicas\/","title":{"rendered":"Bordet: \u201cEl censo es una herramienta importante para poder decidir sobre pol\u00edticas p\u00fablicas&#8221;"},"content":{"rendered":"<p style=\"text-align: center;\"><em><strong>El gobernador Gustavo Bordet encabez\u00f3 la presentaci\u00f3n del censo 2022 en la provincia. Destac\u00f3 la importancia de esta herramienta para mejorar las pol\u00edticas p\u00fablicas, y la posibilidad de autocompletar el censo de manera digital desde el 16 de marzo. El 18 de mayo se realizar\u00e1 la jornada presencial<\/strong><\/em><\/p>\n<p>&nbsp;<\/p>\n<p>&nbsp;<\/p>\n<p>&nbsp;<\/p>\n<p>Junto con el titular del Instituto Nacional de Estad\u00edstica y Censos, Marco Lavagna, Bordet sostuvo que el censo \u201ces una herramienta importante para poder decidir sobre pol\u00edticas p\u00fablicas&#8221;.<\/p>\n<p>Participaron tambi\u00e9n de la reuni\u00f3n la vicegobernadora Laura Stratta; el intendente de Paran\u00e1, Ad\u00e1n Bahl; y los ministros de Econom\u00eda, Hugo Ballay; de Desarrollo Social, Marisa Paira; de Gobierno, Rosario Romero, y de Producci\u00f3n, Juan Jos\u00e9 Bahillo. Intendentes de toda la provincia participaron por videoconferencia.<\/p>\n<p>Al hacer uso de la palabra, el gobernador destac\u00f3 la presencia del titular del Instituto Nacional de Estad\u00edstica y Censos (Indec), Marco Lavagna, en el Centro Provincial de Convenciones y explic\u00f3 que el censo es \u201cquiz\u00e1s la herramienta m\u00e1s importante con que se cuenta para decidir sobre las pol\u00edticas p\u00fablicas&#8221;. \u201cNo se trata s\u00f3lo de contar cu\u00e1ntos habitantes somos, sino que tambi\u00e9n permite tener un conocimiento cabal del territorio, de las condiciones en que la poblaci\u00f3n vive y de las necesidades b\u00e1sicas que todav\u00eda est\u00e1n insatisfechas&#8221;, valor\u00f3.<\/p>\n<p>En ese marco, Bordet record\u00f3 la complejidad que el operativo censal tendr\u00e1 en Entre R\u00edos \u201cporque hay 85 municipios, 53 comunas y juntas de gobierno en todo el territorio\u201d. \u201cSomos una provincia que mantiene una poblaci\u00f3n rural importante y que queremos seguir sosteni\u00e9ndola. Para eso, contar con esta informaci\u00f3n es vital\u201d, explic\u00f3.<\/p>\n<p>Adem\u00e1s, adelant\u00f3 que \u201cvamos a trabajar con todo nuestro equipo de gobierno, los intendentes, las fuerzas pol\u00edticas y la sociedad civil, para lograr la mayor precisi\u00f3n e informaci\u00f3n posible porque esto es lo que nos permitir\u00e1 mejorar la toma de decisiones de gobierno que impacten de manera positiva en la vida de las y los entrerrianos\u201d.<\/p>\n<p>&nbsp;<\/p>\n<p><strong>Informaci\u00f3n relevante<\/strong><\/p>\n<p>Por su parte, Lavagna, cont\u00f3 que \u201cestamos trabajando en colaboraci\u00f3n con el gobierno provincial, en especial con el Consejo General de Educaci\u00f3n y otros organismos nacionales. Es un trabajo de coordinaci\u00f3n muy grande que va desde lo nacional, provincial y municipal y con entidades civiles\u201d.<\/p>\n<p>Precis\u00f3 adem\u00e1s que \u201cincorpora tem\u00e1ticas nuevas como identidad de g\u00e9nero y pueblos originarios que son demandas nuevas de la sociedad\u201d.<\/p>\n<p>El funcionario destac\u00f3 que los censos son &#8220;una herramienta que nos atraviesan a todos y nos permiten volver a conocernos, a reconocernos y a encontrarnos en nuestras diversidades y diferencias; y a tener una idea clara de c\u00f3mo estamos parados y cu\u00e1les son nuestras debilidades y fortalezas. Eso termina siendo una informaci\u00f3n central para lo que es la toma de decisiones, tanto en el \u00e1mbito de las pol\u00edticas p\u00fablicas nacional, provincial y municipales; como tambi\u00e9n en la vida cotidiana del sector privado&#8221;.<\/p>\n<p>Asimismo, se\u00f1al\u00f3 que los resultados del censo tambi\u00e9n tienen impacto en la coparticipaci\u00f3n de los municipios, &#8220;por eso todos los esquemas que hemos puesto a disposici\u00f3n para que la poblaci\u00f3n pueda ejercer su derecho a ser reconocido, a ser contados, ver d\u00f3nde viven, ver c\u00f3mo viven, para que en definitiva esto termine repercutiendo en una mejor calidad de vida&#8221;.<\/p>\n<p>&nbsp;<\/p>\n<p><strong>Autocenso digital<\/strong><\/p>\n<p>Hizo notar que &#8220;este censo va a tener una particularidad muy grande, que &#8220;es la posibilidad de hacer el autocenso o el censo digital\u201d.<\/p>\n<p>\u201cEl censo que todos conocemos, que es el censista pasando por la puerta de todas las casas, va a ser el d\u00eda mi\u00e9rcoles 18 de mayo, feriado nacional, donde no va a haber actividad comercial, ni otras\u201d, remarc\u00f3, y en cuanto al censo digital, indic\u00f3 que se va a poner a disposici\u00f3n una p\u00e1gina web, www.censo.gob.ar, que \u201cva a ser el \u00fanico canal por el cual se va a poder ingresar a completar el censo, la cual se podr\u00e1 completar por la totalidad de las personas que habitan el hogar entre el 16 de marzo y el 18 de mayo&#8221;.<\/p>\n<p>Agreg\u00f3 que cuando pase el censita, el 18 de mayo, &#8220;va a haber gente que ya habr\u00e1 completado el censo digital y lo \u00fanico que tendr\u00e1 que hacer es mostrarle al censista el c\u00f3digo de completamiento. Va a ser necesario que la gente igualmente se quede en sus viviendas para mostrar el c\u00f3digo y responder una pregunta muy sencilla, que tiene que ver con cu\u00e1nta gente habita en la vivienda. Esto nos sirve para validar parte de la informaci\u00f3n del censo digital y es lo que nos asegura que cuando terminemos dando un n\u00famero de cantidad de poblaci\u00f3n en alguna localidad o provincia, que est\u00e9 muy chequeado. O sea, censo digital m\u00e1s censo presencial, estos chequeos nos van a permitir tener una informaci\u00f3n muy robusta y clara&#8221;.<\/p>\n<p>&nbsp;<\/p>\n<p><strong>Acompa\u00f1amiento provincial<\/strong><\/p>\n<p>Al hacer uso de la palabra, el ministro de Econom\u00eda, Hugo Ballay, que preside el Comit\u00e9 Censal Provincial, dio la bienvenida a los presentes, entre ellos empresarios, representantes de consejos y colegios de profesionales e intendentes -algunos en forma virtual-, y sostuvo que el censo es &#8220;un desaf\u00edo&#8221; que se concretar\u00e1 el 18 de mayo pr\u00f3ximo, con la particularidad de que se podr\u00e1 completar el cuestionario en forma digital desde el 16 de marzo. &#8220;Esta posibilidad no solamente va a agilizar el trabajo del censista, sino tambi\u00e9n va a dar una calidad y una informaci\u00f3n mucho m\u00e1s r\u00e1pida de poder procesar. Son elementos importantes&#8221;, agreg\u00f3.<\/p>\n<p>Luego hizo referencia a la importancia de que intendentes participaran en ese encuentro, puesto que &#8220;en el caso de la provincia, todos sabemos que el Censo tiene una particular incidencia en la distribuci\u00f3n de coparticipaci\u00f3n de impuestos&#8221;. Agreg\u00f3 que contar con nueva informaci\u00f3n posibilitar\u00e1 dar respuesta a reclamos puntuales de principalmente &#8220;las localidades m\u00e1s chicas que han tenido incremento de habitantes&#8221;.<\/p>\n<p>Por \u00faltimo, expres\u00f3 sus felicitaciones y acompa\u00f1amiento &#8220;al equipo de la Direcci\u00f3n de Estad\u00edstica y Censos de la provincia porque ya est\u00e1 trabajando hace bastante tiempo, m\u00e1s all\u00e1 del compromiso que nuestro gobernador Gustavo Bordet expresa a diario respecto a todas las pol\u00edticas del gobierno nacional&#8221;.<\/p>\n<p>&nbsp;<\/p>\n<p><strong>El Censo<\/strong><\/p>\n<p>El Censo Nacional de Poblaci\u00f3n, Hogares y Viviendas de la Rep\u00fablica Argentina es un relevamiento estad\u00edstico que est\u00e1 coordinado por el Instituto Nacional de Estad\u00edstica y Censos (Indec), seg\u00fan el mandato de la Ley 17.622, y es implementado por las Direcciones Provinciales de Estad\u00edstica en cada jurisdicci\u00f3n. Por primera vez en la historia de nuestro pa\u00eds, el Censo 2022 ser\u00e1 bimodal: digital y presencial.<\/p>\n<p>&nbsp;<\/p>\n<p><strong>Censo digital<\/strong><\/p>\n<p>Desde el 16 de marzo y hasta el 18 de mayo de 2022 a las 8, las personas que lo prefieran podr\u00e1n autocompletar el cuestionario digital para censar a todos los integrantes de su hogar. El Censo digital se podr\u00e1 completar desde cualquier dispositivo digital con conexi\u00f3n a internet, a trav\u00e9s de los siguientes pasos: Ingresar en censo.gob.ar; Seleccionar el bot\u00f3n \u201cCenso digital\u201d ubicado en el margen superior derecho de la pantalla; Seguir las instrucciones para generar el c\u00f3digo \u00fanico de la vivienda; Acceder al cuestionario digital para responder las preguntas por todas las personas que integran el hogar; Guardar el comprobante del Censo digital (c\u00f3digo alfanum\u00e9rico de seis d\u00edgitos que se entrega al completar el cuestionario) para el mi\u00e9rcoles 18 de mayo, D\u00eda del Censo.<\/p>\n<p>&nbsp;<\/p>\n<p><strong>Censo presencial<\/strong><\/p>\n<p>El 18 de mayo, d\u00eda que ser\u00e1 feriado nacional (Decreto 42\/2022), las personas censistas visitar\u00e1n todas las viviendas del pa\u00eds entre las 8 y las 18 h para solicitar el comprobante del Censo digital o realizar la entrevista tradicional a quienes no hayan completado el cuestionario en l\u00ednea.<\/p>\n<p>&nbsp;<\/p>\n<p><strong>Relevamientos especiales<\/strong><\/p>\n<p>Adem\u00e1s de la modalidad digital y del D\u00eda del Censo, habr\u00e1 tres operativos especiales: Viviendas colectivas: se har\u00e1 un relevamiento digital durante los 10 d\u00edas previos al D\u00eda del Censo en c\u00e1rceles, geri\u00e1tricos y hospitales, por citar tres ejemplos.<\/p>\n<p>Personas en situaci\u00f3n de calle: se censar\u00e1 a las personas que viven en la calle durante la noche previa al D\u00eda del Censo.<\/p>\n<p>\u00c1reas rurales: se desarrollar\u00e1 un operativo presencial que se extender\u00e1 durante los 10d\u00edas previos al censo.<\/p>\n<p>Adem\u00e1s de la introducci\u00f3n del Censo digital, la Argentina organizar\u00e1 por primera vez un \u201ccenso de derecho\u201d. \u00bfQu\u00e9 quiere decir? Que las personas ser\u00e1n contabilizadas seg\u00fan su lugar de residencia habitual, es decir, donde pasan la mayor parte del tiempo durante la semana y en el lugar donde demandan servicios, por ejemplo. Hasta ahora, el censo contabilizaba a las personas en el lugar en el que hab\u00edan pasado la noche anterior.<\/p>\n<p>El cuestionario censal tendr\u00e1 hasta 61 preguntas. A diferencia del Censo 2010, habr\u00e1 un cuestionario \u00fanico destinado a toda la poblaci\u00f3n. \u00bfQu\u00e9 cambios se introducen en el nuevo cuestionario? Sexo e identidad de g\u00e9nero: se preguntar\u00e1 a todas las personas el sexo registrado al nacer (incluyendo la categor\u00eda \u201cX\u201d) y c\u00f3mo se consideran\/autoperciben (\u201cmujer\u201d, \u201cmujer trans \/ travesti\u201d, \u201cvar\u00f3n\u201d, \u201cvar\u00f3n trans \/ masculinidad trans\u201d, \u201cno binario\u201d, \u201cotra identidad \/ ninguna de las anteriores\u201d).<\/p>\n<p>Autorreconocimiento ind\u00edgena u originario: se preguntar\u00e1 a todas las personas si se reconocen ind\u00edgenas o descendientes de pueblos ind\u00edgenas u originarios, aclarando el pueblo y, adem\u00e1s, si hablan o entienden la lengua de ese pueblo declarado.<\/p>\n<p>Autorreconocimiento afrodescendiente o de antepasados negros o africanos: todas las personas responder\u00e1n si se reconocen afrodescendientes o de antepasados negros o africanos.<\/p>\n<p>Dificultades \/ discapacidad: se relevar\u00e1 si en los hogares hay personas con dificultades para caminar o subir escaleras; recordar o concentrarse; comunicarse, entender o ser entendidas por otras personas; o\u00edr, aun con el uso de aud\u00edfonos; ver, aun con anteojos; y comer, ba\u00f1arse o vestirse solas.<\/p>\n","protected":false},"excerpt":{"rendered":"<p>El gobernador Gustavo Bordet encabez\u00f3 la presentaci\u00f3n del censo 2022 en la provincia. Destac\u00f3 la importancia de esta herramienta para mejorar las pol\u00edticas p\u00fablicas, y la posibilidad de autocompletar el censo de manera digital desde el 16 de marzo. El 18 de mayo se realizar\u00e1 la jornada presencial &nbsp; &nbsp; &nbsp; Junto con el titular del Instituto Nacional de Estad\u00edstica y Censos, Marco Lavagna, Bordet sostuvo que el censo \u201ces una herramienta importante para poder decidir sobre pol\u00edticas p\u00fablicas&#8221;. Participaron tambi\u00e9n de la reuni\u00f3n la vicegobernadora Laura Stratta; el intendente&#8230;<\/p>\n","protected":false},"author":3,"featured_media":82704,"comment_status":"closed","ping_status":"closed","sticky":false,"template":"","format":"standard","meta":[],"categories":[9,15],"tags":[],"_links":{"self":[{"href":"https:\/\/www.actualidadadiario.com\/index.php\/wp-json\/wp\/v2\/posts\/82703"}],"collection":[{"href":"https:\/\/www.actualidadadiario.com\/index.php\/wp-json\/wp\/v2\/posts"}],"about":[{"href":"https:\/\/www.actualidadadiario.com\/index.php\/wp-json\/wp\/v2\/types\/post"}],"author":[{"embeddable":true,"href":"https:\/\/www.actualidadadiario.com\/index.php\/wp-json\/wp\/v2\/users\/3"}],"replies":[{"embeddable":true,"href":"https:\/\/www.actualidadadiario.com\/index.php\/wp-json\/wp\/v2\/comments?post=82703"}],"version-history":[{"count":1,"href":"https:\/\/www.actualidadadiario.com\/index.php\/wp-json\/wp\/v2\/posts\/82703\/revisions"}],"predecessor-version":[{"id":82705,"href":"https:\/\/www.actualidadadiario.com\/index.php\/wp-json\/wp\/v2\/posts\/82703\/revisions\/82705"}],"wp:featuredmedia":[{"embeddable":true,"href":"https:\/\/www.actualidadadiario.com\/index.php\/wp-json\/wp\/v2\/media\/82704"}],"wp:attachment":[{"href":"https:\/\/www.actualidadadiario.com\/index.php\/wp-json\/wp\/v2\/media?parent=82703"}],"wp:term":[{"taxonomy":"category","embeddable":true,"href":"https:\/\/www.actualidadadiario.com\/index.php\/wp-json\/wp\/v2\/categories?post=82703"},{"taxonomy":"post_tag","embeddable":true,"href":"https:\/\/www.actualidadadiario.com\/index.php\/wp-json\/wp\/v2\/tags?post=82703"}],"curies":[{"name":"wp","href":"https:\/\/api.w.org\/{rel}","templated":true}]}}