{"id":82700,"date":"2022-02-22T13:36:00","date_gmt":"2022-02-22T16:36:00","guid":{"rendered":"https:\/\/www.actualidadadiario.com\/?p=82700"},"modified":"2022-02-22T13:36:00","modified_gmt":"2022-02-22T16:36:00","slug":"paira-este-tiempo-nos-demanda-consolidar-politicas-que-promuevan-el-trabajo-y-el-empleo-para-impulsar-el-desarrollo","status":"publish","type":"post","link":"https:\/\/www.actualidadadiario.com\/index.php\/2022\/02\/22\/paira-este-tiempo-nos-demanda-consolidar-politicas-que-promuevan-el-trabajo-y-el-empleo-para-impulsar-el-desarrollo\/","title":{"rendered":"Paira: \u201cEste tiempo nos demanda consolidar pol\u00edticas que promuevan el trabajo y el empleo para impulsar el desarrollo&#8221;"},"content":{"rendered":"<p style=\"text-align: center;\"><em><strong>La ministra de Desarrollo Social, Marisa Paira, junto a sus pares de todas las provincias, particip\u00f3 de un nuevo encuentro del Consejo Federal de Desarrollo Social convocado por el ministro nacional Juan Zabaleta<\/strong><\/em><\/p>\n<p>&nbsp;<\/p>\n<p>&nbsp;<\/p>\n<p>Durante la tarde del lunes, la ministra Paira form\u00f3 parte del Consejo nacional que re\u00fane a representantes de las \u00e1reas de Desarrollo Social y manifest\u00f3: &#8220;Asumimos el compromiso de reconstruir el pa\u00eds y su tejido social; y para esto es fundamental que consolidemos las pol\u00edticas de trabajo y empleo que estamos articulando con la Naci\u00f3n, porque nos permiten generar oportunidades para las enterrianas y entrerrianos en sus comunidades&#8221;.<\/p>\n<p>&#8220;En la provincia venimos trabajando en esta direcci\u00f3n junto a los gobiernos locales, los sectores privados y las organizaciones comunitarias, con el objetivo de que el rol del Estado nos permita promover acciones concretas que transformen la realidad territorial. Con el gobernador Gustavo Bordet dise\u00f1amos una estrategia integral que transversaliza las pol\u00edticas de empleo a todas las l\u00edneas que tenemos en el gobierno; en este sentido avanzamos tambi\u00e9n en el eje del cuidado, tanto en la econom\u00eda del cuidado y las pol\u00edticas de primera infancia&#8221;, se\u00f1al\u00f3 la ministra.<\/p>\n<p>Por \u00faltimo, Paira agreg\u00f3: \u201cEste tiempo nos demanda consolidar pol\u00edticas que promuevan el trabajo y el empleo para impulsar el desarrollo social y humano, a partir de tener como norte el trabajo digno de las enterrianas y enterrianos. Y en este sentido, la mirada federal de nuestro gobierno nacional se vuelve indispensable para profundizar este camino&#8221;.<\/p>\n<p>Por su parte, el ministro de Desarrollo Social de la Naci\u00f3n, Juan Zabaleta, quien estuvo acompa\u00f1ado por el viceministro Gustavo Aguilera, remarc\u00f3: \u201cTodos los programas sociales est\u00e1n atravesados por los ejes laborales y productivos, porque toda la inversi\u00f3n social es parte de una pol\u00edtica que tiene que ver con la recuperaci\u00f3n y la reconstrucci\u00f3n: Mejor Barrio, Mi Pieza, urbanizaci\u00f3n de barrios populares, Banco de M\u00e1quinas y Herramientas o la construcci\u00f3n o ampliaci\u00f3n de Espacios de Primera Infancia\u201d.<\/p>\n<p>Durante el encuentro, que se realiz\u00f3 en forma virtual, Zabaleta se\u00f1al\u00f3 la importancia de los \u00faltimos convenios firmados en los distintos rubros de la econom\u00eda, que surgieron de mesas de trabajo conformadas entre el Estado, el sector privado, sindicatos y sectores de la econom\u00eda popular como el acuerdo para incorporar 4000 trabajadores y trabajadoras que est\u00e1n dentro del programa Potenciar Trabajo al empleo registrado dentro del sector gastron\u00f3mico.<\/p>\n<p>De la reuni\u00f3n participaron la secretaria de Abordaje Integral, Micaela Ferraro; los ministros de Desarrollo Social de Misiones, Fernando Meza; de Santa Cruz, Jorge Ferreyra; de C\u00f3rdoba, Juan Carlos Massei; de Tucum\u00e1n, Gabriel Yedlin; de La Pampa, Diego Alvarez; de Santiago del Estero, \u00c1ngel Hugo Niccolai; de Santa Fe, Danilo Capitani; de Catamarca, Maximiliano Rivera; de Chaco, Mar\u00eda P\u00eda Chiacchio; y de San Luis, Nicol\u00e1s Anzulovich.<\/p>\n<p>Tambi\u00e9n estuvieron presentes la ministra de Desarrollo Social, Familia, Mujer y Juventud de Chubut, Mirta Simone; la ministra de Desarrollo Humano y Habitad de la Ciudad Aut\u00f3noma de Buenos Aires, Mar\u00eda Migliore; la ministra de Desarrollo Humano de Jujuy, Natalia Sarapura; la ministra de la Comunidad de Formosa, Gloria Gim\u00e9nez; el ministro de Desarrollo, Igualdad e Integraci\u00f3n Social de La Rioja, Alfredo Menem; el secretario de Asuntos Ind\u00edgenas de Salta, Luis G\u00f3mez Almaras; el subsecretario de Organizaci\u00f3n Comunitaria de Buenos Aires, Santiago Fidanza; la secretaria privada del Ministerio de Desarrollo Social de Corrientes, M\u00f3nica Maldonado; y representantes de los ministerio de Desarrollo Humano de San Juan, y de Salud, Desarrollo Social y Deportes de Mendoza.<\/p>\n","protected":false},"excerpt":{"rendered":"<p>La ministra de Desarrollo Social, Marisa Paira, junto a sus pares de todas las provincias, particip\u00f3 de un nuevo encuentro del Consejo Federal de Desarrollo Social convocado por el ministro nacional Juan Zabaleta &nbsp; &nbsp; Durante la tarde del lunes, la ministra Paira form\u00f3 parte del Consejo nacional que re\u00fane a representantes de las \u00e1reas de Desarrollo Social y manifest\u00f3: &#8220;Asumimos el compromiso de reconstruir el pa\u00eds y su tejido social; y para esto es fundamental que consolidemos las pol\u00edticas de trabajo y empleo que estamos articulando con la Naci\u00f3n,&#8230;<\/p>\n","protected":false},"author":3,"featured_media":82701,"comment_status":"closed","ping_status":"closed","sticky":false,"template":"","format":"standard","meta":[],"categories":[15],"tags":[],"_links":{"self":[{"href":"https:\/\/www.actualidadadiario.com\/index.php\/wp-json\/wp\/v2\/posts\/82700"}],"collection":[{"href":"https:\/\/www.actualidadadiario.com\/index.php\/wp-json\/wp\/v2\/posts"}],"about":[{"href":"https:\/\/www.actualidadadiario.com\/index.php\/wp-json\/wp\/v2\/types\/post"}],"author":[{"embeddable":true,"href":"https:\/\/www.actualidadadiario.com\/index.php\/wp-json\/wp\/v2\/users\/3"}],"replies":[{"embeddable":true,"href":"https:\/\/www.actualidadadiario.com\/index.php\/wp-json\/wp\/v2\/comments?post=82700"}],"version-history":[{"count":1,"href":"https:\/\/www.actualidadadiario.com\/index.php\/wp-json\/wp\/v2\/posts\/82700\/revisions"}],"predecessor-version":[{"id":82702,"href":"https:\/\/www.actualidadadiario.com\/index.php\/wp-json\/wp\/v2\/posts\/82700\/revisions\/82702"}],"wp:featuredmedia":[{"embeddable":true,"href":"https:\/\/www.actualidadadiario.com\/index.php\/wp-json\/wp\/v2\/media\/82701"}],"wp:attachment":[{"href":"https:\/\/www.actualidadadiario.com\/index.php\/wp-json\/wp\/v2\/media?parent=82700"}],"wp:term":[{"taxonomy":"category","embeddable":true,"href":"https:\/\/www.actualidadadiario.com\/index.php\/wp-json\/wp\/v2\/categories?post=82700"},{"taxonomy":"post_tag","embeddable":true,"href":"https:\/\/www.actualidadadiario.com\/index.php\/wp-json\/wp\/v2\/tags?post=82700"}],"curies":[{"name":"wp","href":"https:\/\/api.w.org\/{rel}","templated":true}]}}