{"id":8270,"date":"2017-03-10T10:50:32","date_gmt":"2017-03-10T13:50:32","guid":{"rendered":"http:\/\/actualidadadiario.com\/site\/?p=8270"},"modified":"2017-03-10T10:50:32","modified_gmt":"2017-03-10T13:50:32","slug":"para-michetti-no-hay-aumento-de-importaciones","status":"publish","type":"post","link":"https:\/\/www.actualidadadiario.com\/index.php\/2017\/03\/10\/para-michetti-no-hay-aumento-de-importaciones\/","title":{"rendered":"Para Michetti, &#8220;no hay aumento de importaciones&#8221;"},"content":{"rendered":"<p><em><strong>La vicepresidenta reconoci\u00f3 en la Bolsa de Comercio que por la apertura comercial existen &#8220;problemas en algunos sectores&#8221;: &#8220;Obviamente hay problemas de competitividad&#8221;<\/strong><\/em><\/p>\n<p>&nbsp;<\/p>\n<p>&nbsp;<\/p>\n<p>&nbsp;<\/p>\n<p>&nbsp;<\/p>\n<p>&nbsp;<\/p>\n<p>La vicepresidenta, Gabriela Michetti, asegur\u00f3 que &#8220;no hay aumento de importaciones&#8221;. De todos modos, reconoci\u00f3 la existencia de &#8220;problemas en algunos sectores&#8221;, como consecuencia de la apertura comercial impulsada por el Gobierno nacional.<\/p>\n<p>&nbsp;<\/p>\n<p>Michetti se expres\u00f3 de este modo en declaraciones formuladas al t\u00e9rmino del acto de &#8220;toque de campana por la igualdad de g\u00e9nero&#8221; en la Bolsa de Comercio, que encabez\u00f3 junto con el vicejefe de Gabinete, Mario Quintana, y al ministro de Finanzas, Luis Caputo.<\/p>\n<p>&nbsp;<\/p>\n<p>Ante una consulta sobre la situaci\u00f3n del comercio, la funcionaria dijo que &#8220;no hay aumento de importaciones en los n\u00fameros&#8221; aunque reconoci\u00f3 que &#8220;hay problemas (de actividad manufacturera) en algunos sectores&#8221;. Sostuvo que desde el Gobierno se propuso hacer &#8220;una mesa de di\u00e1logo espec\u00edfica&#8221; por cada sector desde donde &#8220;se pueda ver un cronograma de reconversi\u00f3n, de inversi\u00f3n y de competencia&#8221;.<\/p>\n<p>&nbsp;<\/p>\n<p>La vicepresidenta plante\u00f3 adem\u00e1s que &#8220;el gobierno quiere proteger estos procesos para que no haya ninguna ca\u00edda en el camino&#8221;. Aclar\u00f3, sin embargo, que despu\u00e9s que se dan las herramientas debe existir el esfuerzo necesario del sector empresarial para poder competir.<\/p>\n<p>&nbsp;<\/p>\n<p>&#8220;La Argentina obviamente est\u00e1 con problemas de competitividad. Hemos tenido muchos a\u00f1os en los cuales el esfuerzo de las empresas por competir en el mercado ha sido muy bajo y en un mundo global cuando una econom\u00eda se vuelve a acomodar en la macro para empezar a competir de otra manera, sucede que algunos sectores est\u00e1n m\u00e1s preparados que otros&#8221;&#8221;, consider\u00f3.<\/p>\n<p>&nbsp;<\/p>\n<p>Uno de los reclamos de diversos sectores sindicales es el impacto que las importaciones est\u00e1n teniendo en algunos rubros manufactureros, como el caso del textil, que registra fuertes bajas en los \u00edndices de productividad.<\/p>\n<p>&nbsp;<\/p>\n<p>Consultada sobre el proyecto de modificaci\u00f3n de la ley de mercado de capitales, dijo que &#8220;estamos en el medio de la discusi\u00f3n en Diputados&#8221; y agreg\u00f3 que la sanci\u00f3n depender\u00e1 de los legisladores de la oposici\u00f3n.<\/p>\n","protected":false},"excerpt":{"rendered":"<p>La vicepresidenta reconoci\u00f3 en la Bolsa de Comercio que por la apertura comercial existen &#8220;problemas en algunos sectores&#8221;: &#8220;Obviamente hay problemas de competitividad&#8221; &nbsp; &nbsp; &nbsp; &nbsp; &nbsp; La vicepresidenta, Gabriela Michetti, asegur\u00f3 que &#8220;no hay aumento de importaciones&#8221;. De todos modos, reconoci\u00f3 la existencia de &#8220;problemas en algunos sectores&#8221;, como consecuencia de la apertura comercial impulsada por el Gobierno nacional. &nbsp; Michetti se expres\u00f3 de este modo en declaraciones formuladas al t\u00e9rmino del acto de &#8220;toque de campana por la igualdad de g\u00e9nero&#8221; en la Bolsa de Comercio, que&#8230;<\/p>\n","protected":false},"author":3,"featured_media":8271,"comment_status":"closed","ping_status":"closed","sticky":false,"template":"","format":"standard","meta":[],"categories":[18],"tags":[],"_links":{"self":[{"href":"https:\/\/www.actualidadadiario.com\/index.php\/wp-json\/wp\/v2\/posts\/8270"}],"collection":[{"href":"https:\/\/www.actualidadadiario.com\/index.php\/wp-json\/wp\/v2\/posts"}],"about":[{"href":"https:\/\/www.actualidadadiario.com\/index.php\/wp-json\/wp\/v2\/types\/post"}],"author":[{"embeddable":true,"href":"https:\/\/www.actualidadadiario.com\/index.php\/wp-json\/wp\/v2\/users\/3"}],"replies":[{"embeddable":true,"href":"https:\/\/www.actualidadadiario.com\/index.php\/wp-json\/wp\/v2\/comments?post=8270"}],"version-history":[{"count":1,"href":"https:\/\/www.actualidadadiario.com\/index.php\/wp-json\/wp\/v2\/posts\/8270\/revisions"}],"predecessor-version":[{"id":8272,"href":"https:\/\/www.actualidadadiario.com\/index.php\/wp-json\/wp\/v2\/posts\/8270\/revisions\/8272"}],"wp:featuredmedia":[{"embeddable":true,"href":"https:\/\/www.actualidadadiario.com\/index.php\/wp-json\/wp\/v2\/media\/8271"}],"wp:attachment":[{"href":"https:\/\/www.actualidadadiario.com\/index.php\/wp-json\/wp\/v2\/media?parent=8270"}],"wp:term":[{"taxonomy":"category","embeddable":true,"href":"https:\/\/www.actualidadadiario.com\/index.php\/wp-json\/wp\/v2\/categories?post=8270"},{"taxonomy":"post_tag","embeddable":true,"href":"https:\/\/www.actualidadadiario.com\/index.php\/wp-json\/wp\/v2\/tags?post=8270"}],"curies":[{"name":"wp","href":"https:\/\/api.w.org\/{rel}","templated":true}]}}