{"id":82697,"date":"2022-02-22T13:35:21","date_gmt":"2022-02-22T16:35:21","guid":{"rendered":"https:\/\/www.actualidadadiario.com\/?p=82697"},"modified":"2022-02-22T13:35:21","modified_gmt":"2022-02-22T16:35:21","slug":"diputadas-debatieron-el-proyecto-de-ley-de-proteccion-asistencia-y-prevencion-de-la-violencia-por-razones-de-genero","status":"publish","type":"post","link":"https:\/\/www.actualidadadiario.com\/index.php\/2022\/02\/22\/diputadas-debatieron-el-proyecto-de-ley-de-proteccion-asistencia-y-prevencion-de-la-violencia-por-razones-de-genero\/","title":{"rendered":"Diputadas debatieron el proyecto de ley de protecci\u00f3n, asistencia y prevenci\u00f3n de la violencia por razones de g\u00e9nero"},"content":{"rendered":"<p style=\"text-align: center;\"><em><strong>Durante la reuni\u00f3n de la Banca de las Mujeres se trat\u00f3 el proyecto con media sanci\u00f3n que establece un nuevo r\u00e9gimen para la protecci\u00f3n integral de las mujeres en el territorio entrerriano y el abordaje integral para prevenir y erradicar la violencia por razones de g\u00e9nero. El presidente de la C\u00e1mara de Diputados, \u00c1ngel Giano, la vicegobernadora Laura Stratta y representantes del Senado, participaron del encuentro<\/strong><\/em><\/p>\n<p>&nbsp;<\/p>\n<p>&nbsp;<\/p>\n<p>La Banca de las Mujeres, G\u00e9neros y Diversidad, presidida por la diputada Mariana Farf\u00e1n (Bloque Frente Justicialista CREER Entre R\u00edos), realiz\u00f3 este martes la primera reuni\u00f3n de comisi\u00f3n del nuevo per\u00edodo legislativo.<\/p>\n<p>Durante el encuentro se trat\u00f3 el proyecto de ley, venido del Ejecutivo y con media sanci\u00f3n en el Senado, que crea un nuevo r\u00e9gimen de protecci\u00f3n, asistencia y prevenci\u00f3n de la violencia por razones de g\u00e9nero, entendiendo que la misma trasciende todos los sectores de la sociedad independientemente de su clase, raza o grupo \u00e9tnico, nivel de ingresos, cultura, nivel educacional, edad o religi\u00f3n y afecta negativamente sus propias bases.<\/p>\n<p>La diputada Farf\u00e1n dijo que &#8220;este proyecto se centra en la mujer entrerriana en sus particularidades&#8221;, y que &#8220;requiri\u00f3 de un trabajo muy intenso y complejo por parte del equipo del Senado, ya que hubo que revisar mucha normativa vigente&#8221;.<\/p>\n<p>La vicegobernadora y presidenta de la C\u00e1mara de Senadores, Laura Stratta, destac\u00f3 que este proyecto de ley &#8220;fue debatido ampliamente desde la Red para la Igualdad, un espacio que construimos entre todas&#8221;, y afirm\u00f3 que &#8220;debemos recoger la experiencia para generar un r\u00e9gimen claro y contundente para un tema complejo pero con el que es importante que el Estado se comprometa para dar respuestas que salven vidas&#8221;.<\/p>\n<p>La titular del Observatorio de G\u00e9neros y Derechos Humanos de Entre R\u00edos, Sigrid Kunath, explic\u00f3 que se empez\u00f3 a trabajar en este proyecto en 2020 a partir del femicidio de F\u00e1tima Acevedo, &#8220;en el que hubo una clara interpelaci\u00f3n, al igual que con todos los casos&#8221;, y expres\u00f3 que &#8220;nos preguntamos qu\u00e9 aspectos de la legislaci\u00f3n vigente podr\u00edan ser modificados en base a la pr\u00e1ctica, viendo c\u00f3mo algunas cuestiones de g\u00e9nero quedan bajo otro paradigma&#8221;.<\/p>\n<p>&#8220;Esta es una ley de procedimiento para la Ley Nacional 26.485. Necesitamos claridad normativa y dejar por sentado que todo tiene que ver con la Ley Micaela. El objetivo siempre fue abarcar la mayor cantidad posible de situaciones&#8221;, asegur\u00f3 Kunath, y destac\u00f3 la importancia de que la revisi\u00f3n de la normativa sea habitual.<\/p>\n<p>&#8220;Esta ley debe ser procedimental para abordar los distintos tipos de violencia por razones de g\u00e9nero&#8221;, expres\u00f3 la coordinadora de Labor Parlamentaria del Senado, Sof\u00eda Uranga, y detall\u00f3 sobre puntos espec\u00edficos del proyecto.<\/p>\n<p>Por su parte, el director de Asuntos Jur\u00eddicos del Senado, Gonzalo Garc\u00eda Garro, dijo que &#8220;debemos dotar al Estado de mayores herramientas y coordenadas que emancipen la violencia de g\u00e9nero de la violencia familiar, con un c\u00f3digo propio que d\u00e9 un salto cualitativo&#8221;, y agreg\u00f3 que &#8220;este proyecto democratiza la justicia porque la obliga a tratar en su totalidad la violencia de g\u00e9nero, permitiendo que las mujeres se apropien del Derecho y as\u00ed proteger sus derechos&#8221;.<\/p>\n<p>De la reuni\u00f3n presidida por la diputada Farf\u00e1n participaron el presidente de la C\u00e1mara de Diputados, Angel Giano, y las diputadas Vanesa Castillo, Stefan\u00eda Cora, Gracia Jaroslavsky, Silvia Moreno, Carina Ramos, Paola Rubattino, Luc\u00eda Varisco y Carmen Toller.<\/p>\n","protected":false},"excerpt":{"rendered":"<p>Durante la reuni\u00f3n de la Banca de las Mujeres se trat\u00f3 el proyecto con media sanci\u00f3n que establece un nuevo r\u00e9gimen para la protecci\u00f3n integral de las mujeres en el territorio entrerriano y el abordaje integral para prevenir y erradicar la violencia por razones de g\u00e9nero. El presidente de la C\u00e1mara de Diputados, \u00c1ngel Giano, la vicegobernadora Laura Stratta y representantes del Senado, participaron del encuentro &nbsp; &nbsp; La Banca de las Mujeres, G\u00e9neros y Diversidad, presidida por la diputada Mariana Farf\u00e1n (Bloque Frente Justicialista CREER Entre R\u00edos), realiz\u00f3 este&#8230;<\/p>\n","protected":false},"author":3,"featured_media":82698,"comment_status":"closed","ping_status":"closed","sticky":false,"template":"","format":"standard","meta":[],"categories":[15],"tags":[],"_links":{"self":[{"href":"https:\/\/www.actualidadadiario.com\/index.php\/wp-json\/wp\/v2\/posts\/82697"}],"collection":[{"href":"https:\/\/www.actualidadadiario.com\/index.php\/wp-json\/wp\/v2\/posts"}],"about":[{"href":"https:\/\/www.actualidadadiario.com\/index.php\/wp-json\/wp\/v2\/types\/post"}],"author":[{"embeddable":true,"href":"https:\/\/www.actualidadadiario.com\/index.php\/wp-json\/wp\/v2\/users\/3"}],"replies":[{"embeddable":true,"href":"https:\/\/www.actualidadadiario.com\/index.php\/wp-json\/wp\/v2\/comments?post=82697"}],"version-history":[{"count":1,"href":"https:\/\/www.actualidadadiario.com\/index.php\/wp-json\/wp\/v2\/posts\/82697\/revisions"}],"predecessor-version":[{"id":82699,"href":"https:\/\/www.actualidadadiario.com\/index.php\/wp-json\/wp\/v2\/posts\/82697\/revisions\/82699"}],"wp:featuredmedia":[{"embeddable":true,"href":"https:\/\/www.actualidadadiario.com\/index.php\/wp-json\/wp\/v2\/media\/82698"}],"wp:attachment":[{"href":"https:\/\/www.actualidadadiario.com\/index.php\/wp-json\/wp\/v2\/media?parent=82697"}],"wp:term":[{"taxonomy":"category","embeddable":true,"href":"https:\/\/www.actualidadadiario.com\/index.php\/wp-json\/wp\/v2\/categories?post=82697"},{"taxonomy":"post_tag","embeddable":true,"href":"https:\/\/www.actualidadadiario.com\/index.php\/wp-json\/wp\/v2\/tags?post=82697"}],"curies":[{"name":"wp","href":"https:\/\/api.w.org\/{rel}","templated":true}]}}