{"id":82695,"date":"2022-02-22T13:34:39","date_gmt":"2022-02-22T16:34:39","guid":{"rendered":"https:\/\/www.actualidadadiario.com\/?p=82695"},"modified":"2022-02-22T13:34:39","modified_gmt":"2022-02-22T16:34:39","slug":"juan-manzur-sobre-acuerdo-con-fmi-tendra-tramite-parlamentario-positivo-y-se-va-a-aprobar","status":"publish","type":"post","link":"https:\/\/www.actualidadadiario.com\/index.php\/2022\/02\/22\/juan-manzur-sobre-acuerdo-con-fmi-tendra-tramite-parlamentario-positivo-y-se-va-a-aprobar\/","title":{"rendered":"Juan Manzur, sobre acuerdo con FMI: &#8220;Tendr\u00e1 tr\u00e1mite parlamentario positivo y se va a aprobar&#8221;"},"content":{"rendered":"<p style=\"text-align: center;\"><em><strong>El jefe de Gabinete pidi\u00f3 &#8220;esperar un poco a conocer la letra chica del acuerdo, se debata y que se acerquen las posiciones para lograr los consensos necesarios&#8221;<\/strong><\/em><\/p>\n<p>&nbsp;<\/p>\n<p>&nbsp;<\/p>\n<p>El jefe de Gabinete, Juan Manzur, reiter\u00f3 hoy que el acuerdo con el Fondo Monetario Internacional (FMI) para la renegociaci\u00f3n por la deuda &#8220;es el mejor posible&#8221; y se mostr\u00f3 confiado en que el proyecto con los detalles del entendimiento &#8220;ser\u00e1 aprobado en el Parlamento&#8221;, adonde, dijo, &#8220;ser\u00e1 enviado en estos d\u00edas&#8221;.<\/p>\n<p>&#8220;En estos d\u00edas se va a mandar el proyecto -al Congreso- con documentaci\u00f3n t\u00e9cnica y no tengo ninguna duda, de que en el marco del di\u00e1logo para acercar posiciones para lo mejor del pa\u00eds, el acuerdo va a tener un tr\u00e1mite parlamentario positivo y se va a aprobar&#8221;, dijo Manzur en declaraciones a C5N en su visita a La Rioja, para inaugurar obras de infraestructura junto al gobernador Ricardo Quintela.<\/p>\n<p>En ese marco, Manzur advirti\u00f3 que el problema de la deuda externa y las obligaciones de pago con el FMI por el pr\u00e9stamo de u$s44 mil millones tomado por el expresidente Mauricio Macri &#8220;no es un problema de un sector o espacio pol\u00edtico, sino que es una situaci\u00f3n grave de toda la Argentina y obviamente este es el mejor acuerdo posible tal cual lo ha anunciado ya el presidente Alberto Fern\u00e1ndez&#8221;.<\/p>\n<p>&#8220;Dentro de la tragedia que representa esta deuda externa que tiene el pa\u00eds, que no es una deuda de nuestro gobierno, el Presidente tom\u00f3 la decisi\u00f3n de encaminar un problema muy complejo para los argentinos&#8221;, agreg\u00f3 el jefe de Gabinete.<\/p>\n<p>En ese punto, el funcionario insisti\u00f3: &#8220;No tengo ninguna duda de que el acuerdo se va a aprobar en el Parlamento nacional&#8221; y plante\u00f3: &#8220;Ahora tenemos una situaci\u00f3n que tenemos que resolver en los primeros 20 d\u00edas de marzo que es la ratificaci\u00f3n del acuerdo con el Fondo en el Parlamento&#8221;.<\/p>\n<p>Ayer, el presidente Alberto Fern\u00e1ndez recibi\u00f3 en su despacho al titular de la C\u00e1mara de Diputados, Sergio Massa, y le pidi\u00f3 un debate &#8220;\u00e1gil y participativo&#8221; por el acuerdo con el Fondo, que ser\u00e1 tratado el mes pr\u00f3ximo en el Congreso, informaron fuentes oficiales.<\/p>\n<p>En el encuentro, acordaron que el trato con el Fondo ingrese por la C\u00e1mara de Diputados &#8220;lo antes posible&#8221;, y el mandatario le pidi\u00f3 a Massa que sea un debate &#8220;\u00e1gil y participativo&#8221; donde &#8220;prime el di\u00e1logo pol\u00edtico entre el oficialismo y la oposici\u00f3n&#8221; para lograr un consenso lo m\u00e1s amplio posible.<\/p>\n<p>La aspiraci\u00f3n del oficialismo es sancionarlo entre el 10 y el 15 de marzo en la C\u00e1mara de Diputados y luego girarlo al Senado, para que se apruebe antes del 22 de marzo.<\/p>\n<p>Con respecto a su visita de hoy a La Rioja, Manzur cont\u00f3 que junto al gobernador recorrieron las obras sobre la ruta nacional 75 para la nueva traza que unir\u00e1 la zona de Las Padercitas y el dique Los Sauces, que &#8220;es un tramo que incluye t\u00faneles que ampliar\u00e1n la circulaci\u00f3n vial y que tienen un rol fundamental en el desarrollo regional&#8221;.<\/p>\n<p>&#8220;Los trabajos tambi\u00e9n incluyen calzadas, canalizaciones y rotondas, que impactar\u00e1n positivamente en el turismo y favorecer\u00e1n al tr\u00e1nsito del comercio y la producci\u00f3n local. Una alegr\u00eda ver c\u00f3mo esta provincia pujante contin\u00faa creciendo y progresando de la mano de su gobernador&#8221;, explic\u00f3 en su cuenta de Twitter.<\/p>\n<p>All\u00ed tambi\u00e9n recorri\u00f3 la construcci\u00f3n de viviendas en el Barrio ?Los Talas? de la capital provincial y resalt\u00f3 que &#8220;a diario se ve al Gobierno nacional junto a las provincias inaugurar obras de gran magnitud como ser rutas, puentes, t\u00faneles, viviendas y hospitales&#8221;.<\/p>\n<p>&#8220;Hay una decisi\u00f3n pol\u00edtica del Gobierno nacional de ser profundamente federal y cerrar brechas entre las diferentes regiones de la Argentina&#8221;, concluy\u00f3 Manzur.<\/p>\n","protected":false},"excerpt":{"rendered":"<p>El jefe de Gabinete pidi\u00f3 &#8220;esperar un poco a conocer la letra chica del acuerdo, se debata y que se acerquen las posiciones para lograr los consensos necesarios&#8221; &nbsp; &nbsp; El jefe de Gabinete, Juan Manzur, reiter\u00f3 hoy que el acuerdo con el Fondo Monetario Internacional (FMI) para la renegociaci\u00f3n por la deuda &#8220;es el mejor posible&#8221; y se mostr\u00f3 confiado en que el proyecto con los detalles del entendimiento &#8220;ser\u00e1 aprobado en el Parlamento&#8221;, adonde, dijo, &#8220;ser\u00e1 enviado en estos d\u00edas&#8221;. &#8220;En estos d\u00edas se va a mandar el&#8230;<\/p>\n","protected":false},"author":3,"featured_media":77861,"comment_status":"closed","ping_status":"closed","sticky":false,"template":"","format":"standard","meta":[],"categories":[18],"tags":[],"_links":{"self":[{"href":"https:\/\/www.actualidadadiario.com\/index.php\/wp-json\/wp\/v2\/posts\/82695"}],"collection":[{"href":"https:\/\/www.actualidadadiario.com\/index.php\/wp-json\/wp\/v2\/posts"}],"about":[{"href":"https:\/\/www.actualidadadiario.com\/index.php\/wp-json\/wp\/v2\/types\/post"}],"author":[{"embeddable":true,"href":"https:\/\/www.actualidadadiario.com\/index.php\/wp-json\/wp\/v2\/users\/3"}],"replies":[{"embeddable":true,"href":"https:\/\/www.actualidadadiario.com\/index.php\/wp-json\/wp\/v2\/comments?post=82695"}],"version-history":[{"count":1,"href":"https:\/\/www.actualidadadiario.com\/index.php\/wp-json\/wp\/v2\/posts\/82695\/revisions"}],"predecessor-version":[{"id":82696,"href":"https:\/\/www.actualidadadiario.com\/index.php\/wp-json\/wp\/v2\/posts\/82695\/revisions\/82696"}],"wp:featuredmedia":[{"embeddable":true,"href":"https:\/\/www.actualidadadiario.com\/index.php\/wp-json\/wp\/v2\/media\/77861"}],"wp:attachment":[{"href":"https:\/\/www.actualidadadiario.com\/index.php\/wp-json\/wp\/v2\/media?parent=82695"}],"wp:term":[{"taxonomy":"category","embeddable":true,"href":"https:\/\/www.actualidadadiario.com\/index.php\/wp-json\/wp\/v2\/categories?post=82695"},{"taxonomy":"post_tag","embeddable":true,"href":"https:\/\/www.actualidadadiario.com\/index.php\/wp-json\/wp\/v2\/tags?post=82695"}],"curies":[{"name":"wp","href":"https:\/\/api.w.org\/{rel}","templated":true}]}}