{"id":82687,"date":"2022-02-22T13:32:11","date_gmt":"2022-02-22T16:32:11","guid":{"rendered":"https:\/\/www.actualidadadiario.com\/?p=82687"},"modified":"2022-02-22T13:32:11","modified_gmt":"2022-02-22T16:32:11","slug":"con-un-encuentro-en-vicente-lopez-se-lanza-la-mesa-federal-de-juntos-por-el-cambio","status":"publish","type":"post","link":"https:\/\/www.actualidadadiario.com\/index.php\/2022\/02\/22\/con-un-encuentro-en-vicente-lopez-se-lanza-la-mesa-federal-de-juntos-por-el-cambio\/","title":{"rendered":"Con un encuentro en Vicente L\u00f3pez, se lanza la Mesa Federal de Juntos por el Cambio"},"content":{"rendered":"<p style=\"text-align: center;\"><em><strong>Adem\u00e1s de los presidentes de los partidos principales, el PRO, la UCR y la Coalici\u00f3n C\u00edvica, estar\u00e1n incluidos los integrantes del frente opositor con representaci\u00f3n parlamentaria, para acallar los reclamos de los legisladores que no est\u00e1n incluidos en las reuniones habituales<\/strong><\/em><\/p>\n<p>&nbsp;<\/p>\n<p>&nbsp;<\/p>\n<p>Juntos por el Cambio estrenar\u00e1 la &#8220;Mesa Federal&#8221; con un encuentro en el que estar\u00e1n autoridades de los cuatro partidos principales que conforman la coalici\u00f3n opositora e integrantes de otras fuerzas de la alianza que tienen representaci\u00f3n parlamentaria pero no tienen lugar en la &#8220;Mesa Nacional&#8221;.<\/p>\n<p>Seg\u00fan precis\u00f3 Juntos por el Cambio en un comunicado, el encuentro se desarrollar\u00e1 este martes desde las 15 en el sal\u00f3n de fiestas y eventos La Escondida, ubicado en el Centro Naval de la localidad de Olivos, en el partido bonaerense de Vicente L\u00f3pez.<\/p>\n<p>Se inform\u00f3 adem\u00e1s que una vez finalizado el encuentro, pasadas las 17, se prev\u00e9 que los referentes opositores tomen contacto con medios de prensa presentes en el lugar del norte del conurbano bonaerense.<\/p>\n<p>El martes pasado, los presidentes de los partidos nacionales de JxC, Patricia Bullrich (PRO), Gerardo Morales (UCR), Maximiliano Ferraro (Coalici\u00f3n C\u00edvica) y Miguel \u00c1ngel Pichetto (Peronismo Republicano) se juntaron en Buenos Aires y resolvieron convocar a este encuentro para darle participaci\u00f3n a las fuerzas minoritarias de la alianza opositora.<\/p>\n<p>Por ejemplo, podr\u00edan ser de la partida el diputado nacional del partido del Di\u00e1logo Emilio Monz\u00f3 y la l\u00edder del GEN Margarita Stolbizer, as\u00ed como el titular de Republicanos Unidos, Ricardo L\u00f3pez Murphy. Tambi\u00e9n podr\u00eda concurrir el diputado sanjuanino Humberto Orrego (del bloque Producci\u00f3n y Trabajo), el puntano Claudio Poggi (Avanzar San Luis), la tucumana Paula Omodeo (CREO) y el salte\u00f1o Carlos Zapata (Ahora Patria).<\/p>\n<p>En la reuni\u00f3n del martes pasado, los presidentes de los partidos de JxC se pusieron de acuerdo en realizar un Seminario de Lucha contra el Narcotr\u00e1fico el pr\u00f3ximo 3 de marzo para analizar &#8220;un proyecto de ley de emergencia&#8221; que ser\u00e1 presentado en el Congreso Nacional.<\/p>\n","protected":false},"excerpt":{"rendered":"<p>Adem\u00e1s de los presidentes de los partidos principales, el PRO, la UCR y la Coalici\u00f3n C\u00edvica, estar\u00e1n incluidos los integrantes del frente opositor con representaci\u00f3n parlamentaria, para acallar los reclamos de los legisladores que no est\u00e1n incluidos en las reuniones habituales &nbsp; &nbsp; Juntos por el Cambio estrenar\u00e1 la &#8220;Mesa Federal&#8221; con un encuentro en el que estar\u00e1n autoridades de los cuatro partidos principales que conforman la coalici\u00f3n opositora e integrantes de otras fuerzas de la alianza que tienen representaci\u00f3n parlamentaria pero no tienen lugar en la &#8220;Mesa Nacional&#8221;. Seg\u00fan&#8230;<\/p>\n","protected":false},"author":3,"featured_media":82688,"comment_status":"closed","ping_status":"closed","sticky":false,"template":"","format":"standard","meta":[],"categories":[18],"tags":[],"_links":{"self":[{"href":"https:\/\/www.actualidadadiario.com\/index.php\/wp-json\/wp\/v2\/posts\/82687"}],"collection":[{"href":"https:\/\/www.actualidadadiario.com\/index.php\/wp-json\/wp\/v2\/posts"}],"about":[{"href":"https:\/\/www.actualidadadiario.com\/index.php\/wp-json\/wp\/v2\/types\/post"}],"author":[{"embeddable":true,"href":"https:\/\/www.actualidadadiario.com\/index.php\/wp-json\/wp\/v2\/users\/3"}],"replies":[{"embeddable":true,"href":"https:\/\/www.actualidadadiario.com\/index.php\/wp-json\/wp\/v2\/comments?post=82687"}],"version-history":[{"count":1,"href":"https:\/\/www.actualidadadiario.com\/index.php\/wp-json\/wp\/v2\/posts\/82687\/revisions"}],"predecessor-version":[{"id":82689,"href":"https:\/\/www.actualidadadiario.com\/index.php\/wp-json\/wp\/v2\/posts\/82687\/revisions\/82689"}],"wp:featuredmedia":[{"embeddable":true,"href":"https:\/\/www.actualidadadiario.com\/index.php\/wp-json\/wp\/v2\/media\/82688"}],"wp:attachment":[{"href":"https:\/\/www.actualidadadiario.com\/index.php\/wp-json\/wp\/v2\/media?parent=82687"}],"wp:term":[{"taxonomy":"category","embeddable":true,"href":"https:\/\/www.actualidadadiario.com\/index.php\/wp-json\/wp\/v2\/categories?post=82687"},{"taxonomy":"post_tag","embeddable":true,"href":"https:\/\/www.actualidadadiario.com\/index.php\/wp-json\/wp\/v2\/tags?post=82687"}],"curies":[{"name":"wp","href":"https:\/\/api.w.org\/{rel}","templated":true}]}}