{"id":82681,"date":"2022-02-22T13:30:45","date_gmt":"2022-02-22T16:30:45","guid":{"rendered":"https:\/\/www.actualidadadiario.com\/?p=82681"},"modified":"2022-02-22T13:30:45","modified_gmt":"2022-02-22T16:30:45","slug":"paritaria-nacional-docente-el-gobierno-ofrecio-un-45-de-aumento-y-habria-acuerdo","status":"publish","type":"post","link":"https:\/\/www.actualidadadiario.com\/index.php\/2022\/02\/22\/paritaria-nacional-docente-el-gobierno-ofrecio-un-45-de-aumento-y-habria-acuerdo\/","title":{"rendered":"Paritaria nacional docente: el Gobierno ofreci\u00f3 un 45% de aumento y habr\u00eda acuerdo"},"content":{"rendered":"<p style=\"text-align: center;\"><em><strong>Resta que los sindicatos anuncien oficialmente que aceptan la oferta. La suba se cobrar\u00eda el 21,21% en marzo; un 8,08% en junio; otro 8,08% en agosto y un 8,08% en septiembre<\/strong><\/em><\/p>\n<p>&nbsp;<\/p>\n<p>&nbsp;<\/p>\n<p>El Gobierno nacional ofreci\u00f3 hoy un incremento que llegar\u00e1 al 45,5% en septiembre, e incluye una revisi\u00f3n, durante la paritaria nacional docente, con lo qued\u00f3 al borde de un acuerdo con los sindicatos del sector.<\/p>\n<p>La propuesta incluye que ese porcentaje se distribuya en cuatro tramos entre marzo y septiembre, mes en el cual habr\u00e1 una reevaluaci\u00f3n.<\/p>\n<p>Seg\u00fan lo que se inform\u00f3, la suba se cobrar\u00eda de la siguiente manera: 21,21% en marzo ($50.000), 8,08% en junio ($53.333), 8,08% en agosto ($56.666) y 8,08% en septiembre ($60.000).<\/p>\n<p>A su vez, la oferta agrega un aumento del 81% a septiembre del Fondo Nacional de Incentivo Docente (FONID) que alcanzar\u00e1 el monto de $5.141 y otros $2.250 por mes por conectividad.<\/p>\n<p>Los gremios quedaron en consultar la propuesta a sus bases, pero todo indica que habr\u00e1 una aceptaci\u00f3n del ofrecimiento, a una semana del inicio de las clases en la mayor\u00eda de las provincias del pa\u00eds.<\/p>\n<p>Desde CTERA hablaron de &#8220;analizar la propuesta&#8221;, que es cercana a lo pedido por la mayor\u00eda de los sectores antes de la reuni\u00f3n.<\/p>\n<p>El encuentro paritario, que se hizo al mediod\u00eda y los encabez\u00f3 el ministro de Educaci\u00f3n, Jaime Perczyk, fue el tercero y participaron adem\u00e1s autoridades de los gremios CTERA, UDA, CEA, SADOP y AMET.<\/p>\n<p>Si finalmente el acuerdo es rubricado, las clases podr\u00e1n comenzar sin problemas en todo el pa\u00eds el pr\u00f3ximo lunes 2 de marzo.<\/p>\n<p>Esto servir\u00e1 como term\u00f3metro para los acuerdos provinciales que se avecinan, ya que garantizar\u00e1 que se logre un porcentaje similar, de piso, en todas las jurisdicciones.<\/p>\n<p>A partir de diciembre de 2021, con los $2.250 otorgados por el Gobierno nacional en concepto de adicional por conectividad, el piso salarial nacional docente se increment\u00f3 alcanzando los $41.250 actuales, una suba del 50% en el a\u00f1o que qued\u00f3 levemente por debajo de la inflaci\u00f3n interanual.<\/p>\n<p>El primer encuentro fue el 3 de febrero en el Ministerio de Educaci\u00f3n y en ese momento Perczyk manifest\u00f3 el compromiso del Gobierno para que &#8220;las trabajadoras y los trabajadores de la educaci\u00f3n no pierdan frente a la inflaci\u00f3n&#8221;.<\/p>\n","protected":false},"excerpt":{"rendered":"<p>Resta que los sindicatos anuncien oficialmente que aceptan la oferta. La suba se cobrar\u00eda el 21,21% en marzo; un 8,08% en junio; otro 8,08% en agosto y un 8,08% en septiembre &nbsp; &nbsp; El Gobierno nacional ofreci\u00f3 hoy un incremento que llegar\u00e1 al 45,5% en septiembre, e incluye una revisi\u00f3n, durante la paritaria nacional docente, con lo qued\u00f3 al borde de un acuerdo con los sindicatos del sector. La propuesta incluye que ese porcentaje se distribuya en cuatro tramos entre marzo y septiembre, mes en el cual habr\u00e1 una reevaluaci\u00f3n&#8230;.<\/p>\n","protected":false},"author":3,"featured_media":82682,"comment_status":"closed","ping_status":"closed","sticky":false,"template":"","format":"standard","meta":[],"categories":[18],"tags":[],"_links":{"self":[{"href":"https:\/\/www.actualidadadiario.com\/index.php\/wp-json\/wp\/v2\/posts\/82681"}],"collection":[{"href":"https:\/\/www.actualidadadiario.com\/index.php\/wp-json\/wp\/v2\/posts"}],"about":[{"href":"https:\/\/www.actualidadadiario.com\/index.php\/wp-json\/wp\/v2\/types\/post"}],"author":[{"embeddable":true,"href":"https:\/\/www.actualidadadiario.com\/index.php\/wp-json\/wp\/v2\/users\/3"}],"replies":[{"embeddable":true,"href":"https:\/\/www.actualidadadiario.com\/index.php\/wp-json\/wp\/v2\/comments?post=82681"}],"version-history":[{"count":1,"href":"https:\/\/www.actualidadadiario.com\/index.php\/wp-json\/wp\/v2\/posts\/82681\/revisions"}],"predecessor-version":[{"id":82683,"href":"https:\/\/www.actualidadadiario.com\/index.php\/wp-json\/wp\/v2\/posts\/82681\/revisions\/82683"}],"wp:featuredmedia":[{"embeddable":true,"href":"https:\/\/www.actualidadadiario.com\/index.php\/wp-json\/wp\/v2\/media\/82682"}],"wp:attachment":[{"href":"https:\/\/www.actualidadadiario.com\/index.php\/wp-json\/wp\/v2\/media?parent=82681"}],"wp:term":[{"taxonomy":"category","embeddable":true,"href":"https:\/\/www.actualidadadiario.com\/index.php\/wp-json\/wp\/v2\/categories?post=82681"},{"taxonomy":"post_tag","embeddable":true,"href":"https:\/\/www.actualidadadiario.com\/index.php\/wp-json\/wp\/v2\/tags?post=82681"}],"curies":[{"name":"wp","href":"https:\/\/api.w.org\/{rel}","templated":true}]}}