{"id":82676,"date":"2022-02-22T13:29:21","date_gmt":"2022-02-22T16:29:21","guid":{"rendered":"https:\/\/www.actualidadadiario.com\/?p=82676"},"modified":"2022-02-22T13:29:21","modified_gmt":"2022-02-22T16:29:21","slug":"fernandez-y-massa-definieron-detalles-para-el-debate-por-el-acuerdo-por-el-fmi","status":"publish","type":"post","link":"https:\/\/www.actualidadadiario.com\/index.php\/2022\/02\/22\/fernandez-y-massa-definieron-detalles-para-el-debate-por-el-acuerdo-por-el-fmi\/","title":{"rendered":"Fern\u00e1ndez y Massa definieron detalles para el debate por el acuerdo por el FMI"},"content":{"rendered":"<p style=\"text-align: center;\"><em><strong>El presidente y el titular de la C\u00e1mara de Diputados mantuvieron un encuentro en Casa de Gobierno y acordaron que el acuerdo con el FMI ingrese por el Congreso &#8220;lo antes posible&#8221;<\/strong><\/em><\/p>\n<p>&nbsp;<\/p>\n<p>&nbsp;<\/p>\n<p>El presidente Alberto Fern\u00e1ndez le solicit\u00f3 este lunes al diputado Sergio Massa, titular de la C\u00e1mara baja, un debate &#8220;\u00e1gil y participativo&#8221; por el acuerdo con el Fondo Monetario Internacional (FMI), que ser\u00e1 tratado el mes pr\u00f3ximo en el Congreso, informaron fuentes oficiales.<\/p>\n<p>Fern\u00e1ndez recibi\u00f3 por la tarde a Massa en su despacho de la Casa Rosada para una reuni\u00f3n que se extendi\u00f3 entre las 16.30 y las 18.30, y en la que acordaron que el acuerdo con el FMI ingrese por la C\u00e1mara de Diputados &#8220;lo antes posible&#8221;, a\u00f1adieron las fuentes.<\/p>\n<p>El jefe de Estado hab\u00eda asegurado este lunes en un acto en la localidad bonaerense de Santa Clara del Mar, en el partido de Mar Chiquita, donde inaugur\u00f3 un estadio polideportivo, que &#8220;no va a haber acuerdo con el FMI que detenga el crecimiento&#8221; de Argentina, y pidi\u00f3 a los jubilados que &#8220;est\u00e9n muy tranquilos&#8221; porque tampoco se frenar\u00e1 el incremento de sus haberes a partir de ese acuerdo.<\/p>\n<p>Fern\u00e1ndez dijo que uno de los compromisos de su Gobierno es &#8220;ordenar una econom\u00eda desquiciada que ha dejado&#8221; el Gobierno del expresidente Mauricio Macri, &#8220;con una inflaci\u00f3n muy alta y con una deuda como nunca tuvo la Argentina, tomada con una irresponsabilidad incre\u00edble&#8221;.<\/p>\n<p>En esa l\u00ednea, el jefe del bloque de diputados del Frente de Todos (FdT), Germ\u00e1n Mart\u00ednez, consider\u00f3 este lunes que, una vez que ingrese al Congreso el acuerdo con el FMI, se dar\u00e1 un debate &#8220;intenso pero abreviado en el tiempo&#8221;, con la intenci\u00f3n de que tenga &#8220;una resoluci\u00f3n en el menor tiempo posible&#8221;.<\/p>\n<p>Mart\u00ednez insisti\u00f3 en que trabajar\u00e1 para &#8220;despejar dudas&#8221; en la C\u00e1mara baja y para que pueda tener &#8220;la mayor cantidad de votos positivos posible&#8221; la refinanciaci\u00f3n de la deuda por 44.000 millones de d\u00f3lares contra\u00edda por el Gobierno anterior.<\/p>\n","protected":false},"excerpt":{"rendered":"<p>El presidente y el titular de la C\u00e1mara de Diputados mantuvieron un encuentro en Casa de Gobierno y acordaron que el acuerdo con el FMI ingrese por el Congreso &#8220;lo antes posible&#8221; &nbsp; &nbsp; El presidente Alberto Fern\u00e1ndez le solicit\u00f3 este lunes al diputado Sergio Massa, titular de la C\u00e1mara baja, un debate &#8220;\u00e1gil y participativo&#8221; por el acuerdo con el Fondo Monetario Internacional (FMI), que ser\u00e1 tratado el mes pr\u00f3ximo en el Congreso, informaron fuentes oficiales. Fern\u00e1ndez recibi\u00f3 por la tarde a Massa en su despacho de la Casa&#8230;<\/p>\n","protected":false},"author":3,"featured_media":82677,"comment_status":"closed","ping_status":"closed","sticky":false,"template":"","format":"standard","meta":[],"categories":[9],"tags":[],"_links":{"self":[{"href":"https:\/\/www.actualidadadiario.com\/index.php\/wp-json\/wp\/v2\/posts\/82676"}],"collection":[{"href":"https:\/\/www.actualidadadiario.com\/index.php\/wp-json\/wp\/v2\/posts"}],"about":[{"href":"https:\/\/www.actualidadadiario.com\/index.php\/wp-json\/wp\/v2\/types\/post"}],"author":[{"embeddable":true,"href":"https:\/\/www.actualidadadiario.com\/index.php\/wp-json\/wp\/v2\/users\/3"}],"replies":[{"embeddable":true,"href":"https:\/\/www.actualidadadiario.com\/index.php\/wp-json\/wp\/v2\/comments?post=82676"}],"version-history":[{"count":1,"href":"https:\/\/www.actualidadadiario.com\/index.php\/wp-json\/wp\/v2\/posts\/82676\/revisions"}],"predecessor-version":[{"id":82678,"href":"https:\/\/www.actualidadadiario.com\/index.php\/wp-json\/wp\/v2\/posts\/82676\/revisions\/82678"}],"wp:featuredmedia":[{"embeddable":true,"href":"https:\/\/www.actualidadadiario.com\/index.php\/wp-json\/wp\/v2\/media\/82677"}],"wp:attachment":[{"href":"https:\/\/www.actualidadadiario.com\/index.php\/wp-json\/wp\/v2\/media?parent=82676"}],"wp:term":[{"taxonomy":"category","embeddable":true,"href":"https:\/\/www.actualidadadiario.com\/index.php\/wp-json\/wp\/v2\/categories?post=82676"},{"taxonomy":"post_tag","embeddable":true,"href":"https:\/\/www.actualidadadiario.com\/index.php\/wp-json\/wp\/v2\/tags?post=82676"}],"curies":[{"name":"wp","href":"https:\/\/api.w.org\/{rel}","templated":true}]}}