{"id":8267,"date":"2017-03-10T10:49:54","date_gmt":"2017-03-10T13:49:54","guid":{"rendered":"http:\/\/actualidadadiario.com\/site\/?p=8267"},"modified":"2017-03-10T10:54:33","modified_gmt":"2017-03-10T13:54:33","slug":"cgt-niega-intervencion-del-gobierno-y-dice-que-en-una-semana-define-el-paro","status":"publish","type":"post","link":"https:\/\/www.actualidadadiario.com\/index.php\/2017\/03\/10\/cgt-niega-intervencion-del-gobierno-y-dice-que-en-una-semana-define-el-paro\/","title":{"rendered":"CGT niega intervenci\u00f3n del Gobierno y dice que en una semana define el paro"},"content":{"rendered":"<p><em><strong>El integrante del triunvirato que conduce la Confederaci\u00f3n General del Trabajo (CGT), H\u00e9ctor Daer, se\u00f1al\u00f3 que el jueves pr\u00f3ximo habr\u00e1 una nueva reuni\u00f3n del Consejo Directivo de la central obrera para definir &#8220;si hay una medida de fuerza y en qu\u00e9 fecha&#8221;, a la vez que neg\u00f3 que el Gobierno haya pedido a los sindicalistas que no anunciaran el d\u00eda de un paro general durante la protesta del martes pasado<\/strong><\/em><\/p>\n<p>&nbsp;<\/p>\n<p>&nbsp;<\/p>\n<p>&nbsp;<\/p>\n<p>&nbsp;<\/p>\n<p>&nbsp;<\/p>\n<p>&#8220;Nadie del Gobierno nos llam\u00f3 para reunirnos, ni a m\u00ed ni a otro de mis compa\u00f1eros del triunvirato, ni a la mesa chica: eso no es cierto, por eso me asombran algunos trascendidos que no tienen fuente ni informaci\u00f3n correcta&#8221;, dijo en declaraciones a la radio La Red.<\/p>\n<p>&nbsp;<\/p>\n<p>Daer, l\u00edder del gremio de Sanidad (ATSA), desminti\u00f3 as\u00ed informaciones publicadas hoy por un matutino porte\u00f1o seg\u00fan las cuales el presidente Mauricio Macri habl\u00f3 personalmente con dirigentes sindicales para pedirles que no fijaran fecha para una medida de fuerza que incluyera el cese de actividades.<\/p>\n<p>&nbsp;<\/p>\n<p>&#8220;El jueves de la semana que viene el Consejo Directivo se va a volver a reunir y definiremos si hay una medida de fuerza y en qu\u00e9 fecha ser\u00e1&#8221;, dijo.<\/p>\n<p>&nbsp;<\/p>\n<p>Apunt\u00f3 que antes de la reuni\u00f3n del jueves, habr\u00e1 una cita del triunvirato de la CGT con dirigentes del sector industrial y remarc\u00f3 que el Gobierno &#8220;ya tiene la agenda de los reclamos&#8221; que la central obrera est\u00e1 planteando.<\/p>\n<p>&nbsp;<\/p>\n<p>Estos reclamos incluyen a &#8220;la pol\u00edtica de apertura indiscriminada de las importaciones, la falta de una pol\u00edtica de desarrollo que defienda la industria nacional, el tope que le ponen a la discusi\u00f3n paritaria&#8221;, entre otros, puntualiz\u00f3.<\/p>\n<p>&nbsp;<\/p>\n<p>En su edici\u00f3n de hoy, \u00c1mbito Financiero se\u00f1ala que los gremios del transporte, grandes ausentes en el palco del martes, presionar\u00e1n a la CGT para situar el paro nacional el 6 de abril.<\/p>\n","protected":false},"excerpt":{"rendered":"<p>El integrante del triunvirato que conduce la Confederaci\u00f3n General del Trabajo (CGT), H\u00e9ctor Daer, se\u00f1al\u00f3 que el jueves pr\u00f3ximo habr\u00e1 una nueva reuni\u00f3n del Consejo Directivo de la central obrera para definir &#8220;si hay una medida de fuerza y en qu\u00e9 fecha&#8221;, a la vez que neg\u00f3 que el Gobierno haya pedido a los sindicalistas que no anunciaran el d\u00eda de un paro general durante la protesta del martes pasado &nbsp; &nbsp; &nbsp; &nbsp; &nbsp; &#8220;Nadie del Gobierno nos llam\u00f3 para reunirnos, ni a m\u00ed ni a otro de mis&#8230;<\/p>\n","protected":false},"author":3,"featured_media":8268,"comment_status":"closed","ping_status":"closed","sticky":false,"template":"","format":"standard","meta":[],"categories":[9,18],"tags":[],"_links":{"self":[{"href":"https:\/\/www.actualidadadiario.com\/index.php\/wp-json\/wp\/v2\/posts\/8267"}],"collection":[{"href":"https:\/\/www.actualidadadiario.com\/index.php\/wp-json\/wp\/v2\/posts"}],"about":[{"href":"https:\/\/www.actualidadadiario.com\/index.php\/wp-json\/wp\/v2\/types\/post"}],"author":[{"embeddable":true,"href":"https:\/\/www.actualidadadiario.com\/index.php\/wp-json\/wp\/v2\/users\/3"}],"replies":[{"embeddable":true,"href":"https:\/\/www.actualidadadiario.com\/index.php\/wp-json\/wp\/v2\/comments?post=8267"}],"version-history":[{"count":1,"href":"https:\/\/www.actualidadadiario.com\/index.php\/wp-json\/wp\/v2\/posts\/8267\/revisions"}],"predecessor-version":[{"id":8269,"href":"https:\/\/www.actualidadadiario.com\/index.php\/wp-json\/wp\/v2\/posts\/8267\/revisions\/8269"}],"wp:featuredmedia":[{"embeddable":true,"href":"https:\/\/www.actualidadadiario.com\/index.php\/wp-json\/wp\/v2\/media\/8268"}],"wp:attachment":[{"href":"https:\/\/www.actualidadadiario.com\/index.php\/wp-json\/wp\/v2\/media?parent=8267"}],"wp:term":[{"taxonomy":"category","embeddable":true,"href":"https:\/\/www.actualidadadiario.com\/index.php\/wp-json\/wp\/v2\/categories?post=8267"},{"taxonomy":"post_tag","embeddable":true,"href":"https:\/\/www.actualidadadiario.com\/index.php\/wp-json\/wp\/v2\/tags?post=8267"}],"curies":[{"name":"wp","href":"https:\/\/api.w.org\/{rel}","templated":true}]}}