{"id":82665,"date":"2022-02-22T13:26:09","date_gmt":"2022-02-22T16:26:09","guid":{"rendered":"https:\/\/www.actualidadadiario.com\/?p=82665"},"modified":"2022-02-22T13:26:09","modified_gmt":"2022-02-22T16:26:09","slug":"corrientes-decreto-la-exencion-impositiva-para-los-productores-afectados","status":"publish","type":"post","link":"https:\/\/www.actualidadadiario.com\/index.php\/2022\/02\/22\/corrientes-decreto-la-exencion-impositiva-para-los-productores-afectados\/","title":{"rendered":"Corrientes decret\u00f3 la exenci\u00f3n impositiva para los productores afectados"},"content":{"rendered":"<p style=\"text-align: center;\"><em><strong>Con m\u00e1s de 785.000 hect\u00e1reas da\u00f1adas por el fuego -un 10% del territorio provincial-, se estima que las p\u00e9rdidas ya superan los 26.000 millones de pesos<\/strong><\/em><\/p>\n<p>&nbsp;<\/p>\n<p>&nbsp;<\/p>\n<p>El gobernador de Corrientes, Gustavo Vald\u00e9s, decret\u00f3 la exenci\u00f3n impositiva para todo el per\u00edodo 2022 a contribuyentes con actividad agropecuaria afectados por los incendios rurales y la sequ\u00eda.<\/p>\n<p>El decreto 343\/22 \u201ces una medida de alivio fiscal que alcanza a los propietarios con inmuebles rurales inferiores a las 2.000 hect\u00e1reas en el marco de la Emergencia \u00cdgnea y Agropecuaria\u201d , se\u00f1al\u00f3 el mandatario provincial.<\/p>\n<p>Al respecto, agreg\u00f3: \u201csabemos por el momento que est\u00e1n atravesando y desde el Gobierno de Corrientes los acompa\u00f1aremos para superar este momento\u201d.<\/p>\n<p>Debido a la sequ\u00eda y los incendios que ya afectaron m\u00e1s de 785.000 hect\u00e1reas, casi un 10% del territorio provincial, los distintos sectores productivos se vieron gravemente afectados y se estima que las p\u00e9rdidas superan los 26.000 millones de pesos.<\/p>\n<p>Entre las actividades productivas m\u00e1s perjudicadas por los incendios se encuentran la forestal, arrocera, ganadera, ap\u00edcola y citr\u00edcola, entre otras, que sufren p\u00e9rdidas millonarias.<\/p>\n","protected":false},"excerpt":{"rendered":"<p>Con m\u00e1s de 785.000 hect\u00e1reas da\u00f1adas por el fuego -un 10% del territorio provincial-, se estima que las p\u00e9rdidas ya superan los 26.000 millones de pesos &nbsp; &nbsp; El gobernador de Corrientes, Gustavo Vald\u00e9s, decret\u00f3 la exenci\u00f3n impositiva para todo el per\u00edodo 2022 a contribuyentes con actividad agropecuaria afectados por los incendios rurales y la sequ\u00eda. El decreto 343\/22 \u201ces una medida de alivio fiscal que alcanza a los propietarios con inmuebles rurales inferiores a las 2.000 hect\u00e1reas en el marco de la Emergencia \u00cdgnea y Agropecuaria\u201d , se\u00f1al\u00f3 el&#8230;<\/p>\n","protected":false},"author":3,"featured_media":82666,"comment_status":"closed","ping_status":"closed","sticky":false,"template":"","format":"standard","meta":[],"categories":[2],"tags":[],"_links":{"self":[{"href":"https:\/\/www.actualidadadiario.com\/index.php\/wp-json\/wp\/v2\/posts\/82665"}],"collection":[{"href":"https:\/\/www.actualidadadiario.com\/index.php\/wp-json\/wp\/v2\/posts"}],"about":[{"href":"https:\/\/www.actualidadadiario.com\/index.php\/wp-json\/wp\/v2\/types\/post"}],"author":[{"embeddable":true,"href":"https:\/\/www.actualidadadiario.com\/index.php\/wp-json\/wp\/v2\/users\/3"}],"replies":[{"embeddable":true,"href":"https:\/\/www.actualidadadiario.com\/index.php\/wp-json\/wp\/v2\/comments?post=82665"}],"version-history":[{"count":1,"href":"https:\/\/www.actualidadadiario.com\/index.php\/wp-json\/wp\/v2\/posts\/82665\/revisions"}],"predecessor-version":[{"id":82667,"href":"https:\/\/www.actualidadadiario.com\/index.php\/wp-json\/wp\/v2\/posts\/82665\/revisions\/82667"}],"wp:featuredmedia":[{"embeddable":true,"href":"https:\/\/www.actualidadadiario.com\/index.php\/wp-json\/wp\/v2\/media\/82666"}],"wp:attachment":[{"href":"https:\/\/www.actualidadadiario.com\/index.php\/wp-json\/wp\/v2\/media?parent=82665"}],"wp:term":[{"taxonomy":"category","embeddable":true,"href":"https:\/\/www.actualidadadiario.com\/index.php\/wp-json\/wp\/v2\/categories?post=82665"},{"taxonomy":"post_tag","embeddable":true,"href":"https:\/\/www.actualidadadiario.com\/index.php\/wp-json\/wp\/v2\/tags?post=82665"}],"curies":[{"name":"wp","href":"https:\/\/api.w.org\/{rel}","templated":true}]}}