{"id":82662,"date":"2022-02-22T13:22:29","date_gmt":"2022-02-22T16:22:29","guid":{"rendered":"https:\/\/www.actualidadadiario.com\/?p=82662"},"modified":"2022-02-22T13:26:39","modified_gmt":"2022-02-22T16:26:39","slug":"frutas-y-verduras-el-gobierno-creara-un-fideicomiso-para-estabilizar-los-precios","status":"publish","type":"post","link":"https:\/\/www.actualidadadiario.com\/index.php\/2022\/02\/22\/frutas-y-verduras-el-gobierno-creara-un-fideicomiso-para-estabilizar-los-precios\/","title":{"rendered":"Frutas y verduras: el Gobierno crear\u00e1 un fideicomiso para estabilizar los precios"},"content":{"rendered":"<p style=\"text-align: center;\"><em><strong>Se trata de un fideicomiso que incluir\u00e1, en una primera etapa, la compra anticipada de los productos de mayor consumo -papa, tomate y cebolla, que representan el 40% de las ventas del Mercado Central-, con el objetivo de ampliar la oferta y contener subas<\/strong><\/em><\/p>\n<p>&nbsp;<\/p>\n<p>&nbsp;<\/p>\n<p>&nbsp;<\/p>\n<p>El ministro de Desarrollo Productivo, Mat\u00edas Kulfas, anticip\u00f3 este lunes que el Gobierno nacional avanza en la conformaci\u00f3n de un fideicomiso para estabilizar los precios de los alimentos frescos, como frutas y verduras, a trav\u00e9s de una mayor y m\u00e1s regular oferta de productos que minimice el impacto de la estacionalidad e incremente la capacidad productiva de pymes y peque\u00f1os productores.<\/p>\n<p>El fideicomiso es fruto de un trabajo conjunto entre el Ministerio, la Secretar\u00eda de Comercio Interior y el Mercado Central e incluir\u00e1, en una primera etapa, la compra anticipada de los productos de mayor consumo -papa, tomate y cebolla, que representan el 40% de las ventas del Mercado Central-, con el objetivo de ampliar la oferta y contener subas de precios.<\/p>\n<p>Al respecto, Kulfas afirm\u00f3 que con la creaci\u00f3n de este fideicomiso se &#8220;dar\u00e1 previsibilidad en la oferta de todo el a\u00f1o&#8221;, que &#8220;est\u00e1 enfocado en financiar a los peque\u00f1os productores para que puedan tener m\u00e1s equipamiento&#8221; y que esperan que &#8220;en las pr\u00f3ximas semanas ya se pueda poner en marcha&#8221;.<\/p>\n<p>&#8220;Hay factores de oferta, en el caso de los frescos, que generan precios muy vol\u00e1tiles y hay tambi\u00e9n factores estacionales que reducen la oferta, por lo cual pensamos en un esquema que nos permita anticipar compras y poder intervenir en los momentos de escasez de oferta&#8221;, dijo el ministros en declaraciones a Radio 10.<\/p>\n<p>Asimismo, expres\u00f3 que se busca &#8220;intervenir en temas estacionales&#8221; ya que &#8220;hay momentos del a\u00f1o en los que el precio del tomate, por ejemplo, se dispara por falta de oferta porque termin\u00f3 la cosecha&#8221;.<\/p>\n<p>&#8220;Se vuelve rid\u00edculamente alto para luego bajar dr\u00e1sticamente. El fideicomiso permite dar m\u00e1s previsibilidad en la oferta de todo el a\u00f1o&#8221;, indic\u00f3 el funcionario, quien sostuvo que el Gobierno tiene en claro que &#8220;el tema de precios es uno de los centrales, porque va directo al coraz\u00f3n de que esta reactivaci\u00f3n llegue a todos los hogares&#8221;.<\/p>\n<p>En enero, el \u00cdndice de Precios al Consumidor del Indec relev\u00f3 un incremento de 3,9% y que los mayores aumentos entre alimentos y bebidas del GBA se registraron en el tomate redondo (82,2%), lechuga (51,1%), lim\u00f3n (30,2%), naranja (15,2%), papa (14,2%), pan de mesa (11,8%) y cebolla (11,3%).<\/p>\n<p>&#8220;Es clave que podamos reducir la inflaci\u00f3n y mejorar los salarios&#8221;, afirm\u00f3 el titular de la cartera productiva, quien argument\u00f3 que, igualmente, &#8220;la inflaci\u00f3n tiene varias aristas&#8221;, con &#8220;elementos macroecon\u00f3micos, cuestiones que se van a resolver con m\u00e1s estabilizaci\u00f3n en la situaci\u00f3n econ\u00f3mica&#8221;.<\/p>\n<p>Sobre el funcionamiento del fideicomiso, el presidente del Mercado Central, Nahuel Levaggi, dijo que se ejecutar\u00e1 &#8220;a trav\u00e9s de una compra a t\u00e9rmino para incentivar el aumento de producci\u00f3n de papa, tomate y cebolla, hortalizas de mayor consumo, y que haya mayor oferta y los precios no se disparen&#8221;.<\/p>\n<p>En las \u00faltimas semanas comenzaron las reuniones para cerrar esta iniciativa que apunta a establecer un fideicomiso para comprar anticipadamente determinada cantidad de papa, cebolla y tomate -que implican el 40% de las ventas del Mercado Central-, de modo de fijar el precio para amortiguar los efectos de la estacionalidad, adem\u00e1s de financiar a peque\u00f1os productores.<\/p>\n<p>Levaggi detall\u00f3: &#8220;Por ahora vamos a arrancar con papa, cebolla y tomate y despu\u00e9s iremos ampliando&#8221; a otras frutas y verduras y proyect\u00f3 que el instrumento se lanzar\u00e1 &#8220;lo antes posible&#8221;, en el marco de las medidas para contener los precios de los alimentos.<\/p>\n<p>El titular del Mercado Central dijo que de este modo se destinar\u00e1 un fondeo &#8220;para trabajar sobre cuestiones estacionales y tambi\u00e9n estructurales&#8221; como las condiciones de galpones de acopio y cuestiones log\u00edsticas.<\/p>\n<p>Sobre el aumento de frutas y verduras en enero reconoci\u00f3 que el precio &#8220;es muy vol\u00e1til&#8221; y que se dieron &#8220;problemas clim\u00e1ticos, calores, sequ\u00edas&#8221; por lo que &#8220;hubo menores ingresos&#8221; de mercader\u00eda.<\/p>\n<p>En estos alimentos el precio &#8220;no se acomoda r\u00e1pidamente, son ciclos de producci\u00f3n, hay imponderables clim\u00e1ticos; si hoy no tenes la cantidad de hect\u00e1reas productivas, hagas lo que hagas la oferta va a ser menor&#8221;.<\/p>\n<p>&#8220;En las \u00faltimas semanas (los precios) empezaron a bajar, est\u00e1n empezando a estabilizarse&#8221;, agreg\u00f3.<\/p>\n<p>En este contexto, el Mercado Central mantiene la oferta de frutas y verduras a precios acordados dentro del mercado y trabaja para relanzar en marzo el mercado ambulante que llevar\u00e1 a distintos municipios los productos a precios accesibles.<\/p>\n","protected":false},"excerpt":{"rendered":"<p>Se trata de un fideicomiso que incluir\u00e1, en una primera etapa, la compra anticipada de los productos de mayor consumo -papa, tomate y cebolla, que representan el 40% de las ventas del Mercado Central-, con el objetivo de ampliar la oferta y contener subas &nbsp; &nbsp; &nbsp; El ministro de Desarrollo Productivo, Mat\u00edas Kulfas, anticip\u00f3 este lunes que el Gobierno nacional avanza en la conformaci\u00f3n de un fideicomiso para estabilizar los precios de los alimentos frescos, como frutas y verduras, a trav\u00e9s de una mayor y m\u00e1s regular oferta de&#8230;<\/p>\n","protected":false},"author":3,"featured_media":82663,"comment_status":"closed","ping_status":"closed","sticky":false,"template":"","format":"standard","meta":[],"categories":[2],"tags":[],"_links":{"self":[{"href":"https:\/\/www.actualidadadiario.com\/index.php\/wp-json\/wp\/v2\/posts\/82662"}],"collection":[{"href":"https:\/\/www.actualidadadiario.com\/index.php\/wp-json\/wp\/v2\/posts"}],"about":[{"href":"https:\/\/www.actualidadadiario.com\/index.php\/wp-json\/wp\/v2\/types\/post"}],"author":[{"embeddable":true,"href":"https:\/\/www.actualidadadiario.com\/index.php\/wp-json\/wp\/v2\/users\/3"}],"replies":[{"embeddable":true,"href":"https:\/\/www.actualidadadiario.com\/index.php\/wp-json\/wp\/v2\/comments?post=82662"}],"version-history":[{"count":1,"href":"https:\/\/www.actualidadadiario.com\/index.php\/wp-json\/wp\/v2\/posts\/82662\/revisions"}],"predecessor-version":[{"id":82664,"href":"https:\/\/www.actualidadadiario.com\/index.php\/wp-json\/wp\/v2\/posts\/82662\/revisions\/82664"}],"wp:featuredmedia":[{"embeddable":true,"href":"https:\/\/www.actualidadadiario.com\/index.php\/wp-json\/wp\/v2\/media\/82663"}],"wp:attachment":[{"href":"https:\/\/www.actualidadadiario.com\/index.php\/wp-json\/wp\/v2\/media?parent=82662"}],"wp:term":[{"taxonomy":"category","embeddable":true,"href":"https:\/\/www.actualidadadiario.com\/index.php\/wp-json\/wp\/v2\/categories?post=82662"},{"taxonomy":"post_tag","embeddable":true,"href":"https:\/\/www.actualidadadiario.com\/index.php\/wp-json\/wp\/v2\/tags?post=82662"}],"curies":[{"name":"wp","href":"https:\/\/api.w.org\/{rel}","templated":true}]}}