{"id":82659,"date":"2022-02-22T13:24:43","date_gmt":"2022-02-22T16:24:43","guid":{"rendered":"https:\/\/www.actualidadadiario.com\/?p=82659"},"modified":"2022-02-22T13:24:43","modified_gmt":"2022-02-22T16:24:43","slug":"argentina-el-pais-con-mayor-tiempo-de-permanencia-en-la-antartida","status":"publish","type":"post","link":"https:\/\/www.actualidadadiario.com\/index.php\/2022\/02\/22\/argentina-el-pais-con-mayor-tiempo-de-permanencia-en-la-antartida\/","title":{"rendered":"Argentina, el pa\u00eds con mayor tiempo de permanencia en la Ant\u00e1rtida"},"content":{"rendered":"<p style=\"text-align: center;\"><em><strong>El 22 de febrero de 1904 se tom\u00f3 posesi\u00f3n e iz\u00f3 la bandera argentina en el Observatorio Meteorol\u00f3gico y Magn\u00e9tico en la Isla Laurie, Orcadas del Sur, antecesor de la actual Base Orcadas, lo que constituy\u00f3 la primera base ant\u00e1rtica permanente del mundo<\/strong><\/em><\/p>\n<p>&nbsp;<\/p>\n<p>&nbsp;<\/p>\n<p>El canciller Santiago Cafiero encabezar\u00e1 este martes junto al ministro de Defensa, Jorge Taiana, el acto de conmemoraci\u00f3n del 118\u00b0 D\u00eda de la Ant\u00e1rtida Argentina, en el que habr\u00e1 una conexi\u00f3n directa con las bases nacionales en el continente.<\/p>\n<p>De la actividad, que se llevar\u00e1 a cabo en el Palacio San Mart\u00edn, tambi\u00e9n participar\u00e1 el secretario de Malvinas, Ant\u00e1rtida y Atl\u00e1ntico Sur, Guillermo Carmona.<\/p>\n<p>El 22 de febrero de 1904 se tom\u00f3 posesi\u00f3n e iz\u00f3 la bandera argentina en el Observatorio Meteorol\u00f3gico y Magn\u00e9tico en la Isla Laurie, Orcadas del Sur, antecesor de la actual Base Orcadas, lo que constituy\u00f3 la primera base ant\u00e1rtica permanente del mundo e instalada junto con la primera Estafeta de Correos de la Ant\u00e1rtida, consign\u00f3 Canciller\u00eda.<\/p>\n<p>Argentina es el pa\u00eds con mayor tiempo de permanencia en la Ant\u00e1rtida y es la naci\u00f3n que m\u00e1s bases tiene en el continente: seis estaciones permanentes y siete temporarias que s\u00f3lo abren durante el verano.<\/p>\n<p>Desde hace m\u00e1s de 118 a\u00f1os la &#8220;Argentina Ant\u00e1rtica&#8221; se fortalece a trav\u00e9s de la actividad cient\u00edfica y la protecci\u00f3n del medio ambiente por parte de los cient\u00edficos del Instituto Ant\u00e1rtico Argentino, el despliegue log\u00edstico a cargo de las Fuerzas Armadas y la diplomacia especializada de la Canciller\u00eda, que tiene a la Direcci\u00f3n Nacional del Ant\u00e1rtico (DNA) a cargo de la programaci\u00f3n, planeamiento, coordinaci\u00f3n, direcci\u00f3n, control y difusi\u00f3n de la actividad ant\u00e1rtica argentina.<\/p>\n","protected":false},"excerpt":{"rendered":"<p>El 22 de febrero de 1904 se tom\u00f3 posesi\u00f3n e iz\u00f3 la bandera argentina en el Observatorio Meteorol\u00f3gico y Magn\u00e9tico en la Isla Laurie, Orcadas del Sur, antecesor de la actual Base Orcadas, lo que constituy\u00f3 la primera base ant\u00e1rtica permanente del mundo &nbsp; &nbsp; El canciller Santiago Cafiero encabezar\u00e1 este martes junto al ministro de Defensa, Jorge Taiana, el acto de conmemoraci\u00f3n del 118\u00b0 D\u00eda de la Ant\u00e1rtida Argentina, en el que habr\u00e1 una conexi\u00f3n directa con las bases nacionales en el continente. De la actividad, que se llevar\u00e1&#8230;<\/p>\n","protected":false},"author":3,"featured_media":82660,"comment_status":"closed","ping_status":"closed","sticky":false,"template":"","format":"standard","meta":[],"categories":[2],"tags":[],"_links":{"self":[{"href":"https:\/\/www.actualidadadiario.com\/index.php\/wp-json\/wp\/v2\/posts\/82659"}],"collection":[{"href":"https:\/\/www.actualidadadiario.com\/index.php\/wp-json\/wp\/v2\/posts"}],"about":[{"href":"https:\/\/www.actualidadadiario.com\/index.php\/wp-json\/wp\/v2\/types\/post"}],"author":[{"embeddable":true,"href":"https:\/\/www.actualidadadiario.com\/index.php\/wp-json\/wp\/v2\/users\/3"}],"replies":[{"embeddable":true,"href":"https:\/\/www.actualidadadiario.com\/index.php\/wp-json\/wp\/v2\/comments?post=82659"}],"version-history":[{"count":1,"href":"https:\/\/www.actualidadadiario.com\/index.php\/wp-json\/wp\/v2\/posts\/82659\/revisions"}],"predecessor-version":[{"id":82661,"href":"https:\/\/www.actualidadadiario.com\/index.php\/wp-json\/wp\/v2\/posts\/82659\/revisions\/82661"}],"wp:featuredmedia":[{"embeddable":true,"href":"https:\/\/www.actualidadadiario.com\/index.php\/wp-json\/wp\/v2\/media\/82660"}],"wp:attachment":[{"href":"https:\/\/www.actualidadadiario.com\/index.php\/wp-json\/wp\/v2\/media?parent=82659"}],"wp:term":[{"taxonomy":"category","embeddable":true,"href":"https:\/\/www.actualidadadiario.com\/index.php\/wp-json\/wp\/v2\/categories?post=82659"},{"taxonomy":"post_tag","embeddable":true,"href":"https:\/\/www.actualidadadiario.com\/index.php\/wp-json\/wp\/v2\/tags?post=82659"}],"curies":[{"name":"wp","href":"https:\/\/api.w.org\/{rel}","templated":true}]}}