{"id":82656,"date":"2022-02-22T13:23:56","date_gmt":"2022-02-22T16:23:56","guid":{"rendered":"https:\/\/www.actualidadadiario.com\/?p=82656"},"modified":"2022-02-22T13:23:56","modified_gmt":"2022-02-22T16:23:56","slug":"corrientes-sigue-en-emergencia-por-los-incendios-y-se-reforzo-la-gestion-por-ayuda","status":"publish","type":"post","link":"https:\/\/www.actualidadadiario.com\/index.php\/2022\/02\/22\/corrientes-sigue-en-emergencia-por-los-incendios-y-se-reforzo-la-gestion-por-ayuda\/","title":{"rendered":"Corrientes sigue en emergencia por los incendios y se reforz\u00f3 la gesti\u00f3n por ayuda"},"content":{"rendered":"<p style=\"text-align: center;\"><em><strong>El Gobierno nacional reforz\u00f3 su paquete de medidas de mitigaci\u00f3n a lo que se sum\u00f3 tambi\u00e9n la gesti\u00f3n de ayuda internacional<\/strong><\/em><\/p>\n<p>&nbsp;<\/p>\n<p>&nbsp;<\/p>\n<p>Corrientes permanece en estado de emergencia por m\u00e1s de una decena de focos activos de incendios, que afectan principalmente al norte provincial, por lo cual la Naci\u00f3n reforz\u00f3 su paquete de medidas de mitigaci\u00f3n con la gesti\u00f3n de ayuda internacional, precisaron fuentes oficiales.<\/p>\n<p>El ministro de Ambiente y Desarrollo Sustentable, Juan Cabandi\u00e9, concurri\u00f3 este lunes, y por tiempo indeterminado, a Corrientes, donde se reuni\u00f3 por la tarde con el gobernador Gustavo Vald\u00e9s.<\/p>\n<p>Al respecto, el funcionario nacional comunic\u00f3 a trav\u00e9s de Twitter que, junto a Vald\u00e9s, &#8220;continuamos coordinando las acciones de combate del fuego en la provincia&#8221;.<\/p>\n<p>Fuentes de la cartera ambiental indicaron que Cabandi\u00e9 recorri\u00f3 esta tarde de lunes San Alonso, un paraje en los Esteros del Iber\u00e1, al tiempo que el viceministro del \u00e1rea, Sergio Federovisky, manten\u00eda un monitoreo en territorio en la zona de Ituzaing\u00f3.<\/p>\n<p>Se trata del norte provincial, donde desde la costa del r\u00edo Paran\u00e1, hasta la del Uruguay, m\u00e1s de una decena de focos \u00edgneos permanec\u00edan activos, seg\u00fan reportaron fuentes locales y nacionales.<\/p>\n<p>Cabandi\u00e9, que adem\u00e1s de Federovisky estuvo acompa\u00f1ado por el director del Servicio Nacional de Manejo del Fuego (SNMF), Alberto Seufferheld; y la secretaria de Coordinaci\u00f3n Militar en Emergencias del Ministerio de Defensa, In\u00e9s Barboza, recorri\u00f3 un campamento de brigadistas ubicado en la localidad de San Miguel, Corrientes.<\/p>\n<p>En la ocasi\u00f3n, el funcionario nacional expres\u00f3: &#8220;La situaci\u00f3n es muy compleja. Hay fuegos dispersos en varios puntos de la provincia, lo cual dificulta m\u00e1s. Se siguen prendiendo campos, hay una pr\u00e1ctica muy arraigada de prender\u201d, a\u00f1adi\u00f3.<\/p>\n<p>Asimismo, respecto a este tipo de pr\u00e1cticas, el titular de la cartera ambiental nacional explic\u00f3: \u201cEl fuego es parte para la limpieza de campos, lo que se llama quemas controladas, pero ya no son posibles de controlar debido a las consecuencias del cambio clim\u00e1tico. Hemos propuesto que al interior de cada provincia se limite considerablemente la pr\u00e1ctica de la quema porque estamos en el marco de una emergencia \u00edgnea e h\u00eddrica\u201d.<\/p>\n<p>El diagn\u00f3stico de la jornada era de \u201calivio relativo\u201d, dijo por su parte Federovisky, al explicar que si bien disminuy\u00f3 la temperatura, hubo cielo nublado y se registraron algunas lluvias, no fueron en la cantidad esperada.<\/p>\n<p>Dado el apremio por los incendios rurales, el Estado nacional gestion\u00f3 en las \u00faltimas horas la colaboraci\u00f3n especializada para el combate del fuego en Corrientes de Rusia, Francia, Estados Unidos y Chile, informaron fuentes oficiales.<\/p>\n<p>\u201cTodos se han mostrado sumamente receptivos y requerido precisi\u00f3n de la situaci\u00f3n en Corrientes para conocer los requerimientos como ser de aviones o helic\u00f3pteros, por ejemplo\u201d, se\u00f1al\u00f3 Federovisky.<\/p>\n<p>\u201cLos pron\u00f3sticos son complejos por lo cual es imposible decir qu\u00e9 pasar\u00e1 en las pr\u00f3ximas horas, pero esper\u00e1bamos m\u00e1s lluvias para el fin de semana tanto como para hoy (por el lunes) y eso ocurri\u00f3 en menor medida por lo que podemos decir que el alivio es relativo\u201d, a\u00f1adi\u00f3 Federovisky.<\/p>\n<p>&nbsp;<\/p>\n<p><strong>C\u00f3mo sigue el clima<\/strong><\/p>\n<p>Por otra parte, el Servicio Meteorol\u00f3gico Nacional (SMN) emiti\u00f3 este lunes un alerta meteorol\u00f3gico por lluvias intensas, r\u00e1fagas y ocasional ca\u00edda de granizo en las ciudades correntinas de Bella Vista, Concepci\u00f3n, Curuz\u00fa Cuati\u00e1, Empedrado, Goya, General Paz, Ituzaing\u00f3, Lavalle, Mburucuy\u00e1, Mercedes, Saladas, San Luis del Palmar, San Miguel y San Roque, algunas de ellas afectadas por los incendios que se desarrollan en la provincia.<\/p>\n<p>El Gobierno nacional, a trav\u00e9s del SNMF contin\u00faa con el despliegue de recursos humanos, equipamientos y medios a\u00e9reos para combatir los incendios forestales en la regi\u00f3n.<\/p>\n<p>En ese contexto, el presidente Alberto Fern\u00e1ndez afirm\u00f3 que el Gobierno hizo todo lo que estuvo a su alcance para asistir a Corrientes en la emergencia declarada por los incendios que afectaron a m\u00e1s de 700.000 hect\u00e1reas de la provincia y aclar\u00f3 que su administraci\u00f3n &#8220;no hizo pol\u00edtica ni escribi\u00f3 tuits&#8221; sobre esa situaci\u00f3n.<\/p>\n<p>Durante la inauguraci\u00f3n del nuevo estadio polideportivo en Santa Clara del Mar, en el partido bonaerense de Mar Chiquita, el jefe de Estado agreg\u00f3: &#8220;muchos est\u00e1n preocupados ahora por ver qu\u00e9 es lo que hicimos en Corrientes frente la tragedia que vivi\u00f3 esa provincia, que obviamente llama la atenci\u00f3n de toda la Argentina&#8221; y remarc\u00f3 que el fin de semana pasado, y antes tambi\u00e9n, estuvo hablando con el gobernador (de Corrientes, Gustavo Vald\u00e9s) para conocer la situaci\u00f3n.<\/p>\n<p>Por su parte, el ministro de Agricultura, Juli\u00e1n Dom\u00ednguez, adelant\u00f3 que el Gobierno trabaja en un plan de emergencia para la ganader\u00eda correntina, que incluye el traslado de animales, y asegur\u00f3 que &#8220;el problema de Corrientes se convierte en un problema nacional&#8221; por la reducci\u00f3n de la oferta de carne en el mercado nacional y de exportaci\u00f3n.<\/p>\n<p>Desde la ciudad correntina de Mercedes, el ministro adelant\u00f3 que est\u00e1 trabajando en un &#8220;plan de contingencia de inmediato para la ganader\u00eda y de mediano plazo para el resto de las cadenas; un plan de mediano-largo para la recuperaci\u00f3n productiva de cinco a\u00f1os, con el INTA y el Senasa y en coordinaci\u00f3n con el ministro de Producci\u00f3n de la provincia de Corrientes&#8221;.<\/p>\n<p>Indic\u00f3 que la ganader\u00eda de esta provincia cuenta con 4,6 millones de cabezas y representan &#8220;m\u00e1s del 10% del total de la ganader\u00eda y el 20% de los vientres&#8221;.<\/p>\n<p>&#8220;Ten\u00edamos un programa de trabajo que hubo que modificar. De las 300.000 hect\u00e1reas quemadas -que hab\u00eda tres semanas atr\u00e1s- hoy estamos cerca de las 800.000, m\u00e1s del 12% de la provincia, afectando especialmente la zona ganadera&#8221;, se\u00f1al\u00f3 Dom\u00ednguez a El Destape Radio.<\/p>\n<p>Se\u00f1al\u00f3 que la situaci\u00f3n de la ganader\u00eda provincial que abarca a 27.000 productores, de los cuales el 80% son pymes, &#8220;complica m\u00e1s al mill\u00f3n y medio de cabezas que ya estaban faltando en la Argentina&#8221;.<\/p>\n<p>A su turno, la Administraci\u00f3n Federal de Ingresos P\u00fablicos (AFIP) anunci\u00f3 este lunes que instrumentar\u00e1 un conjunto de medidas de alivio fiscal para los contribuyentes afectados por los incendios en la provincia de Corrientes.<\/p>\n<p>El organismo precis\u00f3 que entre las herramientas que analiza instrumentar el martes el organismo figura la suspensi\u00f3n de las ejecuciones fiscales y la traba de embargos.<\/p>\n<p>Tambi\u00e9n se analiza la pr\u00f3rroga de vencimientos de presentaci\u00f3n de DDJJ y el pago de determinadas obligaciones.<\/p>\n<p>En tanto, la Direcci\u00f3n General de Aduanas (DGA) agiliz\u00f3 el ingreso al pa\u00eds de las autobombas enviadas desde Brasil para ayudar a combatir los incendios en Corrientes.<\/p>\n<p>De esta manera, la AFIP se suma a las medidas de asistencia a los damnificados por los incendios en la provincia de Corrientes, tal como se anunci\u00f3 el domingo con el otorgamiento de cr\u00e9ditos a tasas bonificadas por unos $500 millones o el aporte de la cartera agropecuaria por otros $ 200 millones.<\/p>\n<p>A su vez, el gobernador correntino Vald\u00e9s inform\u00f3 a trav\u00e9s de Twitter que requiri\u00f3 ayuda formal a la Uni\u00f3n Europea, mientras que arribaban 70 brigadistas de Bolivia.<\/p>\n<p>\u201cSe trata de una gesti\u00f3n encarada por el Estado argentino y particularmente por el embajador Ariel Basteiro; ma\u00f1ana llegar\u00e1n estos especialistas\u201d, indic\u00f3 el funcionario.<\/p>\n<p>Corrientes recibi\u00f3 el fin de semana colaboraci\u00f3n de brigadistas del sur de Brasil, motivo por el cual el gobernador Gustavo Vald\u00e9s hab\u00eda agradecido al presidente del pa\u00eds vecino, Jair Bolsonaro.<\/p>\n<p>Asimismo, dos autobombas con miembros de la Brigada Forestal de la Subsecretar\u00eda de Defensa Civil de Salta partieron hoy hacia el departamento San Miguel, de Corrientes, para sumar recursos operativos y humanos en las tareas de sofocaci\u00f3n de los incendios que se registran, con lo cual suma esfuerzos a la colaboraci\u00f3n de otra decena de provincias as\u00ed como la Ciudad de Buenos Aires.<\/p>\n<p>En la provincia de Corrientes trabajan 159 brigadistas y personal de apoyo convocados por el SNMF y Parques Nacionales. Asimismo, entre ambas provincias operan un total de 12 medios a\u00e9reos (siete aviones hidrantes, un avi\u00f3n observador, cuatro helic\u00f3pteros pertenecientes al SNMF, Ministerio de Defensa y a la provincia de C\u00f3rdoba) que trabajan articuladamente en el combate de incendios.<\/p>\n<p>En cuanto a los 70 brigadistas forestales provenientes de Bolivia convocados por el SNMF, son efectivos que fueron capacitados el a\u00f1o pasado por el SNMF en el marco de un acuerdo de cooperaci\u00f3n sellado entre Argentina y Bolivia.<\/p>\n<p>El Ministerio que conduce Cabandi\u00e9 tambi\u00e9n conform\u00f3 una comisi\u00f3n de trabajo para las provincias de Corrientes y Chaco para coordinar acciones conjuntas con el objetivo de rescatar, contener y reinsertar especies de la fauna silvestre en peligro debido a los incendios forestales.<\/p>\n","protected":false},"excerpt":{"rendered":"<p>El Gobierno nacional reforz\u00f3 su paquete de medidas de mitigaci\u00f3n a lo que se sum\u00f3 tambi\u00e9n la gesti\u00f3n de ayuda internacional &nbsp; &nbsp; Corrientes permanece en estado de emergencia por m\u00e1s de una decena de focos activos de incendios, que afectan principalmente al norte provincial, por lo cual la Naci\u00f3n reforz\u00f3 su paquete de medidas de mitigaci\u00f3n con la gesti\u00f3n de ayuda internacional, precisaron fuentes oficiales. El ministro de Ambiente y Desarrollo Sustentable, Juan Cabandi\u00e9, concurri\u00f3 este lunes, y por tiempo indeterminado, a Corrientes, donde se reuni\u00f3 por la tarde&#8230;<\/p>\n","protected":false},"author":3,"featured_media":82657,"comment_status":"closed","ping_status":"closed","sticky":false,"template":"","format":"standard","meta":[],"categories":[9],"tags":[],"_links":{"self":[{"href":"https:\/\/www.actualidadadiario.com\/index.php\/wp-json\/wp\/v2\/posts\/82656"}],"collection":[{"href":"https:\/\/www.actualidadadiario.com\/index.php\/wp-json\/wp\/v2\/posts"}],"about":[{"href":"https:\/\/www.actualidadadiario.com\/index.php\/wp-json\/wp\/v2\/types\/post"}],"author":[{"embeddable":true,"href":"https:\/\/www.actualidadadiario.com\/index.php\/wp-json\/wp\/v2\/users\/3"}],"replies":[{"embeddable":true,"href":"https:\/\/www.actualidadadiario.com\/index.php\/wp-json\/wp\/v2\/comments?post=82656"}],"version-history":[{"count":1,"href":"https:\/\/www.actualidadadiario.com\/index.php\/wp-json\/wp\/v2\/posts\/82656\/revisions"}],"predecessor-version":[{"id":82658,"href":"https:\/\/www.actualidadadiario.com\/index.php\/wp-json\/wp\/v2\/posts\/82656\/revisions\/82658"}],"wp:featuredmedia":[{"embeddable":true,"href":"https:\/\/www.actualidadadiario.com\/index.php\/wp-json\/wp\/v2\/media\/82657"}],"wp:attachment":[{"href":"https:\/\/www.actualidadadiario.com\/index.php\/wp-json\/wp\/v2\/media?parent=82656"}],"wp:term":[{"taxonomy":"category","embeddable":true,"href":"https:\/\/www.actualidadadiario.com\/index.php\/wp-json\/wp\/v2\/categories?post=82656"},{"taxonomy":"post_tag","embeddable":true,"href":"https:\/\/www.actualidadadiario.com\/index.php\/wp-json\/wp\/v2\/tags?post=82656"}],"curies":[{"name":"wp","href":"https:\/\/api.w.org\/{rel}","templated":true}]}}