{"id":82654,"date":"2022-02-21T08:42:11","date_gmt":"2022-02-21T11:42:11","guid":{"rendered":"https:\/\/www.actualidadadiario.com\/?p=82654"},"modified":"2022-02-21T08:42:11","modified_gmt":"2022-02-21T11:42:11","slug":"agmer-tendra-el-viernes-su-primer-congreso-extraordinario-del-ano","status":"publish","type":"post","link":"https:\/\/www.actualidadadiario.com\/index.php\/2022\/02\/21\/agmer-tendra-el-viernes-su-primer-congreso-extraordinario-del-ano\/","title":{"rendered":"Agmer tendr\u00e1 el viernes su primer Congreso extraordinario del a\u00f1o"},"content":{"rendered":"<p style=\"text-align: center;\"><em><strong>El c\u00f3nclave sesionar\u00e1 en forma presencial en la ciudad de Col\u00f3n el viernes 25 de febrero, tres d\u00edas despu\u00e9s de la reuni\u00f3n paritaria docente, prevista para el martes. En la oportunidad se har\u00e1 un \u201can\u00e1lisis de la situaci\u00f3n nacional y provincial\u201d y luego se evaluar\u00e1n las \u201cestrategias a seguir\u201d, se inform\u00f3 desde el gremio<\/strong><\/em><\/p>\n<p>&nbsp;<\/p>\n<p>&nbsp;<\/p>\n<p>La comisi\u00f3n directiva central de la Asociaci\u00f3n Gremial del Magisterio de Entre R\u00edos (Agmer) convoc\u00f3 al CXCV Congreso Extraordinario para el pr\u00f3ximo viernes 25 de febrero, con modalidad presencial.<\/p>\n<p>El c\u00f3nclave se desarrollar\u00e1 desde las 9 en la Casa Docente de la ciudad de Col\u00f3n, ubicada en Chacabuco 255.<\/p>\n<p>&nbsp;<\/p>\n<p><strong>All\u00ed se dar\u00e1 tratamiento al siguiente temario:<\/strong><\/p>\n<ol>\n<li>Elecci\u00f3n de la mesa del Congreso.<\/li>\n<li>Informe de gesti\u00f3n.<\/li>\n<li>An\u00e1lisis de la situaci\u00f3n nacional y provincial.<\/li>\n<li>Estrategias a seguir.<\/li>\n<li>Lectura y aprobaci\u00f3n del acta.<\/li>\n<\/ol>\n<p>Se trata del primer Congreso Extraordinario que la entidad sindical realizar\u00e1 este a\u00f1o. Se llevar\u00e1 a cabo tres d\u00edas despu\u00e9s del encuentro que los gremios docentes mantendr\u00e1n con autoridades del Gobierno provincial en el marco de la paritaria salarial docente.<\/p>\n","protected":false},"excerpt":{"rendered":"<p>El c\u00f3nclave sesionar\u00e1 en forma presencial en la ciudad de Col\u00f3n el viernes 25 de febrero, tres d\u00edas despu\u00e9s de la reuni\u00f3n paritaria docente, prevista para el martes. En la oportunidad se har\u00e1 un \u201can\u00e1lisis de la situaci\u00f3n nacional y provincial\u201d y luego se evaluar\u00e1n las \u201cestrategias a seguir\u201d, se inform\u00f3 desde el gremio &nbsp; &nbsp; La comisi\u00f3n directiva central de la Asociaci\u00f3n Gremial del Magisterio de Entre R\u00edos (Agmer) convoc\u00f3 al CXCV Congreso Extraordinario para el pr\u00f3ximo viernes 25 de febrero, con modalidad presencial. El c\u00f3nclave se desarrollar\u00e1 desde&#8230;<\/p>\n","protected":false},"author":3,"featured_media":42276,"comment_status":"closed","ping_status":"closed","sticky":false,"template":"","format":"standard","meta":[],"categories":[15],"tags":[],"_links":{"self":[{"href":"https:\/\/www.actualidadadiario.com\/index.php\/wp-json\/wp\/v2\/posts\/82654"}],"collection":[{"href":"https:\/\/www.actualidadadiario.com\/index.php\/wp-json\/wp\/v2\/posts"}],"about":[{"href":"https:\/\/www.actualidadadiario.com\/index.php\/wp-json\/wp\/v2\/types\/post"}],"author":[{"embeddable":true,"href":"https:\/\/www.actualidadadiario.com\/index.php\/wp-json\/wp\/v2\/users\/3"}],"replies":[{"embeddable":true,"href":"https:\/\/www.actualidadadiario.com\/index.php\/wp-json\/wp\/v2\/comments?post=82654"}],"version-history":[{"count":1,"href":"https:\/\/www.actualidadadiario.com\/index.php\/wp-json\/wp\/v2\/posts\/82654\/revisions"}],"predecessor-version":[{"id":82655,"href":"https:\/\/www.actualidadadiario.com\/index.php\/wp-json\/wp\/v2\/posts\/82654\/revisions\/82655"}],"wp:featuredmedia":[{"embeddable":true,"href":"https:\/\/www.actualidadadiario.com\/index.php\/wp-json\/wp\/v2\/media\/42276"}],"wp:attachment":[{"href":"https:\/\/www.actualidadadiario.com\/index.php\/wp-json\/wp\/v2\/media?parent=82654"}],"wp:term":[{"taxonomy":"category","embeddable":true,"href":"https:\/\/www.actualidadadiario.com\/index.php\/wp-json\/wp\/v2\/categories?post=82654"},{"taxonomy":"post_tag","embeddable":true,"href":"https:\/\/www.actualidadadiario.com\/index.php\/wp-json\/wp\/v2\/tags?post=82654"}],"curies":[{"name":"wp","href":"https:\/\/api.w.org\/{rel}","templated":true}]}}