{"id":82651,"date":"2022-02-21T08:41:21","date_gmt":"2022-02-21T11:41:21","guid":{"rendered":"https:\/\/www.actualidadadiario.com\/?p=82651"},"modified":"2022-02-21T08:41:21","modified_gmt":"2022-02-21T11:41:21","slug":"buscan-en-el-rio-parana-a-un-joven-desaparecido-tras-accidente-nautico","status":"publish","type":"post","link":"https:\/\/www.actualidadadiario.com\/index.php\/2022\/02\/21\/buscan-en-el-rio-parana-a-un-joven-desaparecido-tras-accidente-nautico\/","title":{"rendered":"Buscan en el r\u00edo Paran\u00e1 a un joven desaparecido tras accidente n\u00e1utico"},"content":{"rendered":"<p style=\"text-align: center;\"><em><strong>El domingo por la ma\u00f1ana una lancha con dos ocupantes choc\u00f3 contra una columna del muelle de la toma de agua de Paran\u00e1. Uno de los j\u00f3venes logr\u00f3 salir a superficie, mientras que el otro se encuentra desaparecido. Los rastrillajes se extendieron durante toda la tarde del domingo y se retoman este lunes<\/strong><\/em><\/p>\n<p>&nbsp;<\/p>\n<p>&nbsp;<\/p>\n<p>Buzos t\u00e1cticos de Prefectura Naval y personal de la Polic\u00eda de Entre R\u00edos trabajaron en el r\u00edo hasta \u00faltima hora de la tarde del domingo en busca del joven que se accident\u00f3 durante la ma\u00f1ana en la zona de la Toma Nueva de la capital provincial, tras chocar a bordo de una lancha contra una columna.<\/p>\n<p>Durante el domingo se realizaron varios rastrillajes en busca de una de las personas accidentadas, sin resultados positivos.<\/p>\n<p>La lancha &#8220;Rey 07707&#8221;, con dos ocupantes, choc\u00f3 contra una columna del muelle de la toma de agua de Paran\u00e1, pasadas las 9.30 de la ma\u00f1ana de este domingo. En ese lugar no est\u00e1 permitida la navegaci\u00f3n. Uno de los j\u00f3venes logr\u00f3 salir a la superficie, mientras que el otro est\u00e1 desaparecido desde entonces. El joven desaparecido es Federico Etcheverry, de 36 a\u00f1os, de Paran\u00e1.<\/p>\n<p>&nbsp;<\/p>\n<p><strong>Retoman la b\u00fasqueda<\/strong><\/p>\n<p>Este lunes buzos t\u00e1cticos retoman los rastrillajes en la zona del muelle. Para facilitar el trabajo de b\u00fasqueda, la Municipalidad de Paran\u00e1 resolvi\u00f3 cortar la extracci\u00f3n de agua del r\u00edo que realizan las bombas ubicadas en el lugar donde se hundi\u00f3 la lancha. La medida se adopta desde las 7 de este lunes y se prolongar\u00e1 de acuerdo a las necesidades del operativo.<\/p>\n","protected":false},"excerpt":{"rendered":"<p>El domingo por la ma\u00f1ana una lancha con dos ocupantes choc\u00f3 contra una columna del muelle de la toma de agua de Paran\u00e1. Uno de los j\u00f3venes logr\u00f3 salir a superficie, mientras que el otro se encuentra desaparecido. Los rastrillajes se extendieron durante toda la tarde del domingo y se retoman este lunes &nbsp; &nbsp; Buzos t\u00e1cticos de Prefectura Naval y personal de la Polic\u00eda de Entre R\u00edos trabajaron en el r\u00edo hasta \u00faltima hora de la tarde del domingo en busca del joven que se accident\u00f3 durante la ma\u00f1ana&#8230;<\/p>\n","protected":false},"author":3,"featured_media":82652,"comment_status":"closed","ping_status":"closed","sticky":false,"template":"","format":"standard","meta":[],"categories":[15],"tags":[],"_links":{"self":[{"href":"https:\/\/www.actualidadadiario.com\/index.php\/wp-json\/wp\/v2\/posts\/82651"}],"collection":[{"href":"https:\/\/www.actualidadadiario.com\/index.php\/wp-json\/wp\/v2\/posts"}],"about":[{"href":"https:\/\/www.actualidadadiario.com\/index.php\/wp-json\/wp\/v2\/types\/post"}],"author":[{"embeddable":true,"href":"https:\/\/www.actualidadadiario.com\/index.php\/wp-json\/wp\/v2\/users\/3"}],"replies":[{"embeddable":true,"href":"https:\/\/www.actualidadadiario.com\/index.php\/wp-json\/wp\/v2\/comments?post=82651"}],"version-history":[{"count":1,"href":"https:\/\/www.actualidadadiario.com\/index.php\/wp-json\/wp\/v2\/posts\/82651\/revisions"}],"predecessor-version":[{"id":82653,"href":"https:\/\/www.actualidadadiario.com\/index.php\/wp-json\/wp\/v2\/posts\/82651\/revisions\/82653"}],"wp:featuredmedia":[{"embeddable":true,"href":"https:\/\/www.actualidadadiario.com\/index.php\/wp-json\/wp\/v2\/media\/82652"}],"wp:attachment":[{"href":"https:\/\/www.actualidadadiario.com\/index.php\/wp-json\/wp\/v2\/media?parent=82651"}],"wp:term":[{"taxonomy":"category","embeddable":true,"href":"https:\/\/www.actualidadadiario.com\/index.php\/wp-json\/wp\/v2\/categories?post=82651"},{"taxonomy":"post_tag","embeddable":true,"href":"https:\/\/www.actualidadadiario.com\/index.php\/wp-json\/wp\/v2\/tags?post=82651"}],"curies":[{"name":"wp","href":"https:\/\/api.w.org\/{rel}","templated":true}]}}