{"id":82647,"date":"2022-02-21T08:16:40","date_gmt":"2022-02-21T11:16:40","guid":{"rendered":"https:\/\/www.actualidadadiario.com\/?p=82647"},"modified":"2022-02-21T08:16:40","modified_gmt":"2022-02-21T11:16:40","slug":"paritaria-docente-gobierno-convoco-a-los-gremios-para-manana","status":"publish","type":"post","link":"https:\/\/www.actualidadadiario.com\/index.php\/2022\/02\/21\/paritaria-docente-gobierno-convoco-a-los-gremios-para-manana\/","title":{"rendered":"Paritaria docente: Gobierno convoc\u00f3 a los gremios para ma\u00f1ana"},"content":{"rendered":"<p style=\"text-align: center;\"><em><strong>La segunda reuni\u00f3n paritaria del a\u00f1o se realizar\u00e1 el martes 22 de febrero a las 10 en el Sal\u00f3n Auditorio del Consejo General de Educaci\u00f3n (CGE), casi un mes despu\u00e9s de la primera reuni\u00f3n, que se desarroll\u00f3 el 27 de enero. Desde Agmer se inform\u00f3 que se plantear\u00e1n \u201clas exigencias del colectivo docente organizado para dignificar el salario de las y los trabajadores de la educaci\u00f3n\u201d<\/strong><\/em><\/p>\n<p>&nbsp;<\/p>\n<p>&nbsp;<\/p>\n<p>La Secretar\u00eda de Trabajo de la provincia convoc\u00f3 a la Asociaci\u00f3n Gremial del Magisterio de Entre R\u00edos (Agmer), la Asociaci\u00f3n del Magisterio de la Ense\u00f1anza T\u00e9cnica (AMET), el Sindicato Argentino de Docentes Privados (Sadop) y la Uni\u00f3n de Docentes Argentinos (UDA) al segundo encuentro con autoridades del Consejo General de Educaci\u00f3n (CGE), en el marco de la paritaria salarial docente.<\/p>\n<p>Este nuevo encuentro, que se realizar\u00e1 26 d\u00edas despu\u00e9s del primero, tendr\u00e1 lugar en el Sal\u00f3n Auditorio del CGE a partir de las 10.<\/p>\n<p>En aquella reuni\u00f3n el ministro de Econom\u00eda, Hugo Ballay, present\u00f3 una propuesta tendiente igualar el incremento de los salarios a la inflaci\u00f3n del 2021, que consiste en otorgar una suba del 8,9%. Tambi\u00e9n plante\u00f3 un esquema de aumentos porcentuales para el 2022. Luego se pas\u00f3 a cuarto intermedio para que los sindicatos analicen el ofrecimiento.<\/p>\n<p>Tras recibir la convocatoria a la segunda reuni\u00f3n, Agmer inform\u00f3 que \u201ccontinuar\u00e1 planteando las exigencias del colectivo docente organizado para dignificar el salario de las y los trabajadores de la educaci\u00f3n\u201d.<\/p>\n","protected":false},"excerpt":{"rendered":"<p>La segunda reuni\u00f3n paritaria del a\u00f1o se realizar\u00e1 el martes 22 de febrero a las 10 en el Sal\u00f3n Auditorio del Consejo General de Educaci\u00f3n (CGE), casi un mes despu\u00e9s de la primera reuni\u00f3n, que se desarroll\u00f3 el 27 de enero. Desde Agmer se inform\u00f3 que se plantear\u00e1n \u201clas exigencias del colectivo docente organizado para dignificar el salario de las y los trabajadores de la educaci\u00f3n\u201d &nbsp; &nbsp; La Secretar\u00eda de Trabajo de la provincia convoc\u00f3 a la Asociaci\u00f3n Gremial del Magisterio de Entre R\u00edos (Agmer), la Asociaci\u00f3n del Magisterio&#8230;<\/p>\n","protected":false},"author":3,"featured_media":82648,"comment_status":"closed","ping_status":"closed","sticky":false,"template":"","format":"standard","meta":[],"categories":[15],"tags":[],"_links":{"self":[{"href":"https:\/\/www.actualidadadiario.com\/index.php\/wp-json\/wp\/v2\/posts\/82647"}],"collection":[{"href":"https:\/\/www.actualidadadiario.com\/index.php\/wp-json\/wp\/v2\/posts"}],"about":[{"href":"https:\/\/www.actualidadadiario.com\/index.php\/wp-json\/wp\/v2\/types\/post"}],"author":[{"embeddable":true,"href":"https:\/\/www.actualidadadiario.com\/index.php\/wp-json\/wp\/v2\/users\/3"}],"replies":[{"embeddable":true,"href":"https:\/\/www.actualidadadiario.com\/index.php\/wp-json\/wp\/v2\/comments?post=82647"}],"version-history":[{"count":1,"href":"https:\/\/www.actualidadadiario.com\/index.php\/wp-json\/wp\/v2\/posts\/82647\/revisions"}],"predecessor-version":[{"id":82649,"href":"https:\/\/www.actualidadadiario.com\/index.php\/wp-json\/wp\/v2\/posts\/82647\/revisions\/82649"}],"wp:featuredmedia":[{"embeddable":true,"href":"https:\/\/www.actualidadadiario.com\/index.php\/wp-json\/wp\/v2\/media\/82648"}],"wp:attachment":[{"href":"https:\/\/www.actualidadadiario.com\/index.php\/wp-json\/wp\/v2\/media?parent=82647"}],"wp:term":[{"taxonomy":"category","embeddable":true,"href":"https:\/\/www.actualidadadiario.com\/index.php\/wp-json\/wp\/v2\/categories?post=82647"},{"taxonomy":"post_tag","embeddable":true,"href":"https:\/\/www.actualidadadiario.com\/index.php\/wp-json\/wp\/v2\/tags?post=82647"}],"curies":[{"name":"wp","href":"https:\/\/api.w.org\/{rel}","templated":true}]}}