{"id":82644,"date":"2022-02-21T08:16:00","date_gmt":"2022-02-21T11:16:00","guid":{"rendered":"https:\/\/www.actualidadadiario.com\/?p=82644"},"modified":"2022-02-21T08:16:00","modified_gmt":"2022-02-21T11:16:00","slug":"una-empresa-metalurgica-oficializo-su-intencion-de-instalarse-en-el-parque-industrial-de-concordia","status":"publish","type":"post","link":"https:\/\/www.actualidadadiario.com\/index.php\/2022\/02\/21\/una-empresa-metalurgica-oficializo-su-intencion-de-instalarse-en-el-parque-industrial-de-concordia\/","title":{"rendered":"Una empresa metal\u00fargica oficializ\u00f3 su intenci\u00f3n de instalarse en el Parque Industrial de Concordia"},"content":{"rendered":"<p style=\"text-align: center;\"><em><strong>Los representantes de Kunst S.R.L. firmaron el convenio con las autoridades del Ente Mixto de Administraci\u00f3n del Parque Industrial Concordia, para avanzar en el proceso de radicaci\u00f3n de la empresa nacional<\/strong><\/em><\/p>\n<p>&nbsp;<\/p>\n<p>&nbsp;<\/p>\n<p>Desde la municipalidad se\u00f1alaron que la acci\u00f3n se da &#8220;en el marco de las pol\u00edticas de promoci\u00f3n del desarrollo productivo e industrial de la ciudad&#8221;, se dio un paso fundamental para facilitar la radicaci\u00f3n de una nueva empresa en la ciudad.<\/p>\n<p>\u201cKunts evalu\u00f3 las condiciones y servicios del Parque Industrial y se mostr\u00f3 interesado en traer su empresa a nuestra ciudad. Son gestiones que el intendente Alfredo Francolini viene impulsando desde el a\u00f1o pasado, y pudimos concretar la llegada de esta empresa que se dedica a la fabricaci\u00f3n industrial de maquinaria y herramientas, a la metalurgia y al desarrollo de m\u00f3dulos habitacionales\u201d, se\u00f1al\u00f3 al respecto el secretario de Desarrollo Social y Producci\u00f3n del municipio Fernando Barboza.<\/p>\n<p>\u201cFortalecer las pol\u00edticas del Parque Industrial es uno de los ejes que defini\u00f3 el Intendente para transformar la matriz econ\u00f3mica de Concordia, con el objetivo de generar puestos de trabajo calificado que dinamicen la econom\u00eda local\u201d, manifest\u00f3 Barboza.<\/p>\n<p>\u201cPara nosotros es un gran avance dar a conocer la firma de un convenio de adjudicaci\u00f3n con la firma Kunst S.R.L, una empresa de fabricaci\u00f3n de maquinarias para industrias. Generalmente la industria de base en Argentina necesita mucho desarrollo e inversi\u00f3n y en este caso esta firma viene a Concordia a instalarse con su segunda planta ya que tiene una en funcionamiento en Ober\u00e1, Misiones\u201d, expres\u00f3 el presidente del Ente Mixto de Administraci\u00f3n del Parque Industrial Concordia, Marcos Follonier.<\/p>\n<p>\u201cLa radicaci\u00f3n de la empresa en la ciudad significa que Concordia tendr\u00e1 un aporte de tecnolog\u00eda muy grande porque hay que tener en cuenta que esta industria tiene una interacci\u00f3n muy fuerte con las Universidades, con el desarrollo de lo que es hoy la industria 4.0 que para nosotros es un avance important\u00edsimo. La oferta acad\u00e9mica y profesional de la regi\u00f3n fue uno de los puntos que la empresa prioriz\u00f3 a la hora de tomar la decisi\u00f3n de radicarse aqu\u00ed\u201d, coment\u00f3 Follonier.<\/p>\n<p>&nbsp;<\/p>\n<p><strong>Empresa l\u00edder<\/strong><\/p>\n<p>Kunst es una empresa dedicada a la fabricaci\u00f3n y reparaci\u00f3n de maquinarias para uso industrial. Tambi\u00e9n tienen en marcha un proyecto de construcci\u00f3n de soluciones habitacionales modulares de \u00faltima generaci\u00f3n.<\/p>\n<p>\u201cDecidimos instalarnos con la empresa en Concordia porque tiene un Parque Industrial que est\u00e1 perfecto, re\u00fane las condiciones que necesitamos, la verdad que est\u00e1 impecable. El Municipio tiene una apertura muy buena para que nosotros, los industriales, podamos instalarnos aqu\u00ed. El punto estrat\u00e9gico que tiene Concordia es \u00fanico, de aqu\u00ed sal\u00eds a Paran\u00e1, Rosario, Buenos Aires y es una muy buena ubicaci\u00f3n\u201d, se\u00f1al\u00f3 Sergio Satarain, representante de Kunst S.R.L.<\/p>\n<p>\u201cEl trabajo que ha hecho la gesti\u00f3n del intendente Alfredo Francolini para colaborar para que nosotros nos instalemos fue fundamental. En Concordia vamos a utilizar t\u00e9cnicos, ingenieros, mano de obra local que eso va a ser muy bueno para la ciudad. Desde aqu\u00ed trasladaremos los equipos que se vender\u00e1n a todo el pa\u00eds y al exterior. Estamos muy entusiasmados\u201d, coment\u00f3 por \u00faltimo Satarain.<\/p>\n","protected":false},"excerpt":{"rendered":"<p>Los representantes de Kunst S.R.L. firmaron el convenio con las autoridades del Ente Mixto de Administraci\u00f3n del Parque Industrial Concordia, para avanzar en el proceso de radicaci\u00f3n de la empresa nacional &nbsp; &nbsp; Desde la municipalidad se\u00f1alaron que la acci\u00f3n se da &#8220;en el marco de las pol\u00edticas de promoci\u00f3n del desarrollo productivo e industrial de la ciudad&#8221;, se dio un paso fundamental para facilitar la radicaci\u00f3n de una nueva empresa en la ciudad. \u201cKunts evalu\u00f3 las condiciones y servicios del Parque Industrial y se mostr\u00f3 interesado en traer su&#8230;<\/p>\n","protected":false},"author":3,"featured_media":82645,"comment_status":"closed","ping_status":"closed","sticky":false,"template":"","format":"standard","meta":[],"categories":[15],"tags":[],"_links":{"self":[{"href":"https:\/\/www.actualidadadiario.com\/index.php\/wp-json\/wp\/v2\/posts\/82644"}],"collection":[{"href":"https:\/\/www.actualidadadiario.com\/index.php\/wp-json\/wp\/v2\/posts"}],"about":[{"href":"https:\/\/www.actualidadadiario.com\/index.php\/wp-json\/wp\/v2\/types\/post"}],"author":[{"embeddable":true,"href":"https:\/\/www.actualidadadiario.com\/index.php\/wp-json\/wp\/v2\/users\/3"}],"replies":[{"embeddable":true,"href":"https:\/\/www.actualidadadiario.com\/index.php\/wp-json\/wp\/v2\/comments?post=82644"}],"version-history":[{"count":1,"href":"https:\/\/www.actualidadadiario.com\/index.php\/wp-json\/wp\/v2\/posts\/82644\/revisions"}],"predecessor-version":[{"id":82646,"href":"https:\/\/www.actualidadadiario.com\/index.php\/wp-json\/wp\/v2\/posts\/82644\/revisions\/82646"}],"wp:featuredmedia":[{"embeddable":true,"href":"https:\/\/www.actualidadadiario.com\/index.php\/wp-json\/wp\/v2\/media\/82645"}],"wp:attachment":[{"href":"https:\/\/www.actualidadadiario.com\/index.php\/wp-json\/wp\/v2\/media?parent=82644"}],"wp:term":[{"taxonomy":"category","embeddable":true,"href":"https:\/\/www.actualidadadiario.com\/index.php\/wp-json\/wp\/v2\/categories?post=82644"},{"taxonomy":"post_tag","embeddable":true,"href":"https:\/\/www.actualidadadiario.com\/index.php\/wp-json\/wp\/v2\/tags?post=82644"}],"curies":[{"name":"wp","href":"https:\/\/api.w.org\/{rel}","templated":true}]}}