{"id":82641,"date":"2022-02-21T08:15:08","date_gmt":"2022-02-21T11:15:08","guid":{"rendered":"https:\/\/www.actualidadadiario.com\/?p=82641"},"modified":"2022-02-21T08:15:08","modified_gmt":"2022-02-21T11:15:08","slug":"entre-rios-recupero-los-puestos-de-trabajo-perdidos-por-la-pandemia","status":"publish","type":"post","link":"https:\/\/www.actualidadadiario.com\/index.php\/2022\/02\/21\/entre-rios-recupero-los-puestos-de-trabajo-perdidos-por-la-pandemia\/","title":{"rendered":"Entre R\u00edos recuper\u00f3 los puestos de trabajo perdidos por la pandemia"},"content":{"rendered":"<p style=\"text-align: center;\"><em><strong>Seg\u00fan el informe \u201cpanorama mensual del trabajo registrado\u201d, elaborado por el Ministerio de Trabajo de la Naci\u00f3n, Entre R\u00edos recuper\u00f3 los puestos de trabajo perdidos a causa de la pandemia. El crecimiento anual del empleo registrado en la provincia es del 0,5 por ciento<\/strong><\/em><\/p>\n<p>&nbsp;<\/p>\n<p>&nbsp;<\/p>\n<p>Entre R\u00edos integra el grupo de 15 provincias que \u201clograron recuperar los niveles de empleo previos al inicio de la pandemia (febrero 2020)\u201d, seg\u00fan consta en el informe que difundi\u00f3 la Secretar\u00eda de Trabajo provincial. El total de trabajadores asalariados registrados en el sector privado correspondiente a noviembre de 2021 muestra la recuperaci\u00f3n de los puestos de trabajo perdidos por la pandemia.<\/p>\n<p>Son datos proporcionados por el Ministerio de Trabajo, Empleo y Seguridad Social de la Naci\u00f3n, que demuestran que en la provincia, el empleo privado creci\u00f3 en los \u00faltimos meses y actualmente se ubica en similares registros previos al inicio de la pandemia.<\/p>\n<p>Ante estos datos, el secretario de Trabajo, \u00c1ngel Zacar\u00edas, expres\u00f3: \u00abVemos una recuperaci\u00f3n y un crecimiento de la actividad econ\u00f3mica, que muestran algunos sectores que traccionan y generan muy buenas expectativas, como la construcci\u00f3n, la industria y el turismo. Hay otros sectores que les sigue costando un poco m\u00e1s pero tenemos una buena percepci\u00f3n en que, producto de la dinamizaci\u00f3n actual, se complete este proceso expansivo\u201d.<\/p>\n<p>Zacar\u00edas consider\u00f3 fundamental el impacto favorable que tuvo la campa\u00f1a de vacunaci\u00f3n y la aplicaci\u00f3n de protocolos para permitir la recuperaci\u00f3n del empleo.<\/p>\n<p>&nbsp;<\/p>\n<p><strong>Datos nacionales<\/strong><\/p>\n<p>Seg\u00fan datos de la Encuesta de Indicadores Laborales del Ministerio de Trabajo de la Naci\u00f3n, en Argentina el empleo privado registrado trep\u00f3 0,3 por ciento en noviembre y en un a\u00f1o la mejora llega al 1,4 por ciento.<\/p>\n","protected":false},"excerpt":{"rendered":"<p>Seg\u00fan el informe \u201cpanorama mensual del trabajo registrado\u201d, elaborado por el Ministerio de Trabajo de la Naci\u00f3n, Entre R\u00edos recuper\u00f3 los puestos de trabajo perdidos a causa de la pandemia. El crecimiento anual del empleo registrado en la provincia es del 0,5 por ciento &nbsp; &nbsp; Entre R\u00edos integra el grupo de 15 provincias que \u201clograron recuperar los niveles de empleo previos al inicio de la pandemia (febrero 2020)\u201d, seg\u00fan consta en el informe que difundi\u00f3 la Secretar\u00eda de Trabajo provincial. El total de trabajadores asalariados registrados en el sector&#8230;<\/p>\n","protected":false},"author":3,"featured_media":82642,"comment_status":"closed","ping_status":"closed","sticky":false,"template":"","format":"standard","meta":[],"categories":[15],"tags":[],"_links":{"self":[{"href":"https:\/\/www.actualidadadiario.com\/index.php\/wp-json\/wp\/v2\/posts\/82641"}],"collection":[{"href":"https:\/\/www.actualidadadiario.com\/index.php\/wp-json\/wp\/v2\/posts"}],"about":[{"href":"https:\/\/www.actualidadadiario.com\/index.php\/wp-json\/wp\/v2\/types\/post"}],"author":[{"embeddable":true,"href":"https:\/\/www.actualidadadiario.com\/index.php\/wp-json\/wp\/v2\/users\/3"}],"replies":[{"embeddable":true,"href":"https:\/\/www.actualidadadiario.com\/index.php\/wp-json\/wp\/v2\/comments?post=82641"}],"version-history":[{"count":1,"href":"https:\/\/www.actualidadadiario.com\/index.php\/wp-json\/wp\/v2\/posts\/82641\/revisions"}],"predecessor-version":[{"id":82643,"href":"https:\/\/www.actualidadadiario.com\/index.php\/wp-json\/wp\/v2\/posts\/82641\/revisions\/82643"}],"wp:featuredmedia":[{"embeddable":true,"href":"https:\/\/www.actualidadadiario.com\/index.php\/wp-json\/wp\/v2\/media\/82642"}],"wp:attachment":[{"href":"https:\/\/www.actualidadadiario.com\/index.php\/wp-json\/wp\/v2\/media?parent=82641"}],"wp:term":[{"taxonomy":"category","embeddable":true,"href":"https:\/\/www.actualidadadiario.com\/index.php\/wp-json\/wp\/v2\/categories?post=82641"},{"taxonomy":"post_tag","embeddable":true,"href":"https:\/\/www.actualidadadiario.com\/index.php\/wp-json\/wp\/v2\/tags?post=82641"}],"curies":[{"name":"wp","href":"https:\/\/api.w.org\/{rel}","templated":true}]}}