{"id":8264,"date":"2017-03-10T10:49:13","date_gmt":"2017-03-10T13:49:13","guid":{"rendered":"http:\/\/actualidadadiario.com\/site\/?p=8264"},"modified":"2017-03-10T10:49:13","modified_gmt":"2017-03-10T13:49:13","slug":"gobierno-y-gremio-pidieron-a-sancor-presentar-un-plan-de-reestructuracion-creible-a-largo-plazo","status":"publish","type":"post","link":"https:\/\/www.actualidadadiario.com\/index.php\/2017\/03\/10\/gobierno-y-gremio-pidieron-a-sancor-presentar-un-plan-de-reestructuracion-creible-a-largo-plazo\/","title":{"rendered":"Gobierno y gremio pidieron a SanCor presentar un plan de reestructuraci\u00f3n &#8220;cre\u00edble a largo plazo&#8221;"},"content":{"rendered":"<p><em><strong>El Gobierno y la Asociaci\u00f3n de Trabajadores de la Industria Lechera (ATILRA) pidieron este jueves a las autoridades de la cooperativa SanCor presentar un &#8220;plan de reestructuraci\u00f3n serio, a largo plazo y no coyuntural&#8221; para intentar superar su grave crisis que en principio pone en riesgo 500 empleos<\/strong><\/em><\/p>\n<p>&nbsp;<\/p>\n<p>&nbsp;<\/p>\n<p>&nbsp;<\/p>\n<p>&nbsp;<\/p>\n<p>&nbsp;<\/p>\n<p>Fue durante la reuni\u00f3n que mantuvieron los ministros de Agroindustria, Ricardo Buryaile, y de Trabajo, Jorge Triaca, con autoridades de SanCor, entre ellos el presidente de la cooperativa, Gustavo Ariel Ferrero, y de la Asociaci\u00f3n de Trabajadores de la Industria Lechera (ATILRA), representado por su secretario general, H\u00e9ctor Luis Ponce.<\/p>\n<p>&nbsp;<\/p>\n<p>Tambi\u00e9n estuvieron presentes el presidente del Instituto Nacional de Asociativismo y Econom\u00eda Social (INA), Marcelo Collomb y otros funcionarios.<\/p>\n<p>&nbsp;<\/p>\n<p>En su transcurso, seg\u00fan pudo saber NA, SanCor expuso su situaci\u00f3n que es muy dif\u00edcil, de profunda crisis y qued\u00f3 en claro que hay voluntad y vocaci\u00f3n de que el Estado y el gremio ayuden a la empresa.<\/p>\n<p>&nbsp;<\/p>\n<p>Para eso, seg\u00fan los trascendidos, la firma l\u00e1ctea, que da trabajo a 4.000 personas en forma directa, debe presentar un plan de reestructuraci\u00f3n cre\u00edble, seria y de realizaci\u00f3n a largo plazo que deje de lado los aspectos coyunturales.<\/p>\n<p>&nbsp;<\/p>\n<p>Antes de ingresar a la reuni\u00f3n Buryaile habl\u00f3 a trav\u00e9s de radio Mitre y dijo que &#8220;Sancor es una empresa tradicional, hist\u00f3rica y hace bastante tiempo que viene a los tumbos, con problemas financieros, con productores&#8221;.<\/p>\n<p>&nbsp;<\/p>\n<p>&#8220;En realidad la industria l\u00e1ctea hace a\u00f1os que viene con problemas y Sancor particularmente&#8221;, afirm\u00f3 el ministro del \u00e1rea.<\/p>\n<p>&nbsp;<\/p>\n<p>Sostuvo que &#8220;en los \u00faltimos a\u00f1os los problemas fueron de tal magnitud que el Gobierno anterior pensaba venderle la empresa a Venezuela, a Hugo Ch\u00e1vez, pero lo que hizo fue elevar un contrato de provisi\u00f3n de leche en polvo a un precio exorbitante para el mercado&#8221;.<\/p>\n<p>&nbsp;<\/p>\n<p>Describi\u00f3 que eso hizo que la empresa &#8220;m\u00e1s o menos acomodara las calzas y empezara a caminar, pero nada de eso era sustentable a la luz de lo que es el d\u00e9ficit mensual permanente dado por cuestiones financieras, costos de financiamiento y estructura, as\u00ed se fue agravando&#8221;.<\/p>\n<p>&nbsp;<\/p>\n<p>Manifest\u00f3 que &#8220;en el contrato con Venezuela hay un saldo de m\u00e1s mil millones de pesos que est\u00e1 debi\u00e9ndole Venezuela a Sancor&#8221;.<\/p>\n<p>&nbsp;<\/p>\n<p>Tambi\u00e9n &#8220;hab\u00eda un fideicomiso en el Banco Naci\u00f3n sobre el cual se hac\u00edan los pagos, que los ordena el comitente, Pdvsa, pagos que no salieron&#8221;, narr\u00f3.<\/p>\n<p>&nbsp;<\/p>\n<p>&#8220;Decir que vamos a colaborar con un auxilio de 4.500 millones de pesos hoy no est\u00e1 a nuestro alcance, pero quiz\u00e1s podamos colaborar de cualquier otra manera&#8221;, manifest\u00f3.<\/p>\n<p>&nbsp;<\/p>\n<p>Aclar\u00f3 que &#8220;hasta ayer (mi\u00e9rcoles) no hubo despidos, es lo que me dicen del Ministerio de Trabajo, aunque (los trabajadores) est\u00e1n suspendidos por una realidad que es una empresa en crisis&#8221;, al hablar sobre los 500 empleos que estar\u00edan en peligro por las cuatro plantas que cerraron.<\/p>\n<p>&nbsp;<\/p>\n<p>Se trata de las plantas emplazadas en las localidades de Brinkman, C\u00f3rdoba, un dep\u00f3sito importante de quesos y acondicionamiento de materia prima para seleccionarla por calidad; Coronel Charlone, Buenos Aires, donde elaboran roquefort; Coronel Moldes, C\u00f3rdoba, elaboran queso pasta dura para exportaci\u00f3n y mercado interno y Centeno, Santa Fe.<\/p>\n<p>&nbsp;<\/p>\n<p>Los encargados de las plantas recibieron el lunes por la tarde la orden en de no recibir materia prima y comenzar\u00e1n a trabajar para desactivar los establecimientos.<\/p>\n<p>&nbsp;<\/p>\n<p>El mi\u00e9rcoles a la noche, SanCor rompi\u00f3 el silencio con un comunicado donde apel\u00f3 a la confidencialidad y dijo que no brindar\u00e1 ninguna informaci\u00f3n sobre sus planes, pero atribuy\u00f3 a &#8221; cuestiones de mercado&#8221;, a &#8220;las inundaciones que golpearon en forma recurrente las principales cuencas productivas; problemas de infraestructura, que impiden sobrellevar de mejor manera los contratiempos y desfasajes en los costos que hacen al funcionamiento del sector&#8221;.<\/p>\n<p>&nbsp;<\/p>\n<p>Justific\u00f3 el cierre en que &#8220;la remisi\u00f3n de leche a nuestras plantas industriales ha disminuido considerablemente en los \u00faltimos d\u00edas por lo que la Cooperativa decidi\u00f3 la suspensi\u00f3n de actividades en algunas de sus instalaciones industriales&#8221;.<\/p>\n<p>&nbsp;<\/p>\n<p>Buryaile coincidi\u00f3 en que SanCor es una jugadora &#8220;demasiado importante&#8221; en el mercado de l\u00e1cteos argentino que viene en crisis desde los a\u00f1os 2000.<\/p>\n<p>&nbsp;<\/p>\n<p>El ministro consider\u00f3 que la crisis que atraviesa SanCor y toda la cadena lechera &#8220;es producto de todo ese tiempo de manejos y desmanejos y aprietes, cuando hab\u00eda que pedir permiso para todo en la Argentina&#8221;.<\/p>\n","protected":false},"excerpt":{"rendered":"<p>El Gobierno y la Asociaci\u00f3n de Trabajadores de la Industria Lechera (ATILRA) pidieron este jueves a las autoridades de la cooperativa SanCor presentar un &#8220;plan de reestructuraci\u00f3n serio, a largo plazo y no coyuntural&#8221; para intentar superar su grave crisis que en principio pone en riesgo 500 empleos &nbsp; &nbsp; &nbsp; &nbsp; &nbsp; Fue durante la reuni\u00f3n que mantuvieron los ministros de Agroindustria, Ricardo Buryaile, y de Trabajo, Jorge Triaca, con autoridades de SanCor, entre ellos el presidente de la cooperativa, Gustavo Ariel Ferrero, y de la Asociaci\u00f3n de Trabajadores&#8230;<\/p>\n","protected":false},"author":3,"featured_media":8265,"comment_status":"closed","ping_status":"closed","sticky":false,"template":"","format":"standard","meta":[],"categories":[18],"tags":[],"_links":{"self":[{"href":"https:\/\/www.actualidadadiario.com\/index.php\/wp-json\/wp\/v2\/posts\/8264"}],"collection":[{"href":"https:\/\/www.actualidadadiario.com\/index.php\/wp-json\/wp\/v2\/posts"}],"about":[{"href":"https:\/\/www.actualidadadiario.com\/index.php\/wp-json\/wp\/v2\/types\/post"}],"author":[{"embeddable":true,"href":"https:\/\/www.actualidadadiario.com\/index.php\/wp-json\/wp\/v2\/users\/3"}],"replies":[{"embeddable":true,"href":"https:\/\/www.actualidadadiario.com\/index.php\/wp-json\/wp\/v2\/comments?post=8264"}],"version-history":[{"count":1,"href":"https:\/\/www.actualidadadiario.com\/index.php\/wp-json\/wp\/v2\/posts\/8264\/revisions"}],"predecessor-version":[{"id":8266,"href":"https:\/\/www.actualidadadiario.com\/index.php\/wp-json\/wp\/v2\/posts\/8264\/revisions\/8266"}],"wp:featuredmedia":[{"embeddable":true,"href":"https:\/\/www.actualidadadiario.com\/index.php\/wp-json\/wp\/v2\/media\/8265"}],"wp:attachment":[{"href":"https:\/\/www.actualidadadiario.com\/index.php\/wp-json\/wp\/v2\/media?parent=8264"}],"wp:term":[{"taxonomy":"category","embeddable":true,"href":"https:\/\/www.actualidadadiario.com\/index.php\/wp-json\/wp\/v2\/categories?post=8264"},{"taxonomy":"post_tag","embeddable":true,"href":"https:\/\/www.actualidadadiario.com\/index.php\/wp-json\/wp\/v2\/tags?post=8264"}],"curies":[{"name":"wp","href":"https:\/\/api.w.org\/{rel}","templated":true}]}}