{"id":82633,"date":"2022-02-17T14:10:59","date_gmt":"2022-02-17T17:10:59","guid":{"rendered":"https:\/\/www.actualidadadiario.com\/?p=82633"},"modified":"2022-02-17T14:10:59","modified_gmt":"2022-02-17T17:10:59","slug":"descartan-la-existencia-de-una-cuarta-dosis-en-el-esquema-de-vacunacion-contra-el-coronavirus","status":"publish","type":"post","link":"https:\/\/www.actualidadadiario.com\/index.php\/2022\/02\/17\/descartan-la-existencia-de-una-cuarta-dosis-en-el-esquema-de-vacunacion-contra-el-coronavirus\/","title":{"rendered":"Descartan la existencia de una \u201ccuarta dosis\u201d en el esquema de vacunaci\u00f3n contra el coronavirus"},"content":{"rendered":"<p style=\"text-align: center;\"><em><strong>La coordinadora de vacunaci\u00f3n provincial se refiri\u00f3 al esquema b\u00e1sico contra el coronavirus y descart\u00f3 la aplicaci\u00f3n de una cuarta dosis, ser\u00eda un refuerzo para cierto grupo. Adem\u00e1s, se refiri\u00f3 al esquema recomendado para escolares<\/strong><\/em><\/p>\n<p>&nbsp;<\/p>\n<p>&nbsp;<\/p>\n<p>&nbsp;<\/p>\n<p>La coordinadora de vacunaci\u00f3n provincial, Mar\u00eda Eva Famin, destac\u00f3 que recientemente \u201cse ha interpretado como que a partir de marzo se va a aplicar una cuarta dosis a toda la poblaci\u00f3n\u201d, pero ese \u201cno es el plan\u201d.<\/p>\n<p>Sino que \u201ca partir del mes de marzo, aquellas personas mayores de 50 a\u00f1os que hab\u00edan tenido su primera y segunda dosis aplicada con Sinopharm, que durante el mes de noviembre o diciembre recibieron la tercera dosis, van a tener su refuerzo\u201d, aclar\u00f3.<\/p>\n<p>Seg\u00fan sus palabras, el esquema b\u00e1sico de vacunaci\u00f3n contra el Covid consiste \u201cen primera y segunda dosis para todos los grupos activos de la poblaci\u00f3n\u201d, mientras que la tercera inoculaci\u00f3n, es una \u201cdosis extra que se indic\u00f3 y se coloc\u00f3 para\u201d el mencionado grupo.<\/p>\n<p>Debido a esto, destac\u00f3 que \u201cno es un refuerzo que tendr\u00e1 todo el resto de la poblaci\u00f3n y no es una cuarta dosis\u201d.<\/p>\n<p>&nbsp;<\/p>\n<p><strong>Vuelta a clases<\/strong><\/p>\n<p>Por otro lado, de cara al regreso a las clases de los m\u00e1s j\u00f3venes, la entrevistada record\u00f3 que \u201ctanto para adolescentes como para ni\u00f1os es recomendable consultar al profesional de confianza, al pediatra o a su m\u00e9dico responsable\u201d sobre qu\u00e9 medidas tomar, \u201cpero vacunarse y completar los esquemas\u201d.<\/p>\n<p>De esta manera, precis\u00f3 que \u201cel esquema recomendado para adolescentes es: primera dosis, segunda dosis despu\u00e9s de 21 d\u00edas con la vacuna que corresponda y, a los 4 meses, el refuerzo\u201d. Dicho esquema, seg\u00fan sus palabras, est\u00e1 \u201cacompa\u00f1ado por la Sociedad Argentina de Pediatr\u00eda y un mont\u00f3n de organizaciones cient\u00edficas que han tenido relaci\u00f3n con esto\u201d.<\/p>\n","protected":false},"excerpt":{"rendered":"<p>La coordinadora de vacunaci\u00f3n provincial se refiri\u00f3 al esquema b\u00e1sico contra el coronavirus y descart\u00f3 la aplicaci\u00f3n de una cuarta dosis, ser\u00eda un refuerzo para cierto grupo. Adem\u00e1s, se refiri\u00f3 al esquema recomendado para escolares &nbsp; &nbsp; &nbsp; La coordinadora de vacunaci\u00f3n provincial, Mar\u00eda Eva Famin, destac\u00f3 que recientemente \u201cse ha interpretado como que a partir de marzo se va a aplicar una cuarta dosis a toda la poblaci\u00f3n\u201d, pero ese \u201cno es el plan\u201d. Sino que \u201ca partir del mes de marzo, aquellas personas mayores de 50 a\u00f1os que&#8230;<\/p>\n","protected":false},"author":3,"featured_media":77818,"comment_status":"closed","ping_status":"closed","sticky":false,"template":"","format":"standard","meta":[],"categories":[9,15],"tags":[],"_links":{"self":[{"href":"https:\/\/www.actualidadadiario.com\/index.php\/wp-json\/wp\/v2\/posts\/82633"}],"collection":[{"href":"https:\/\/www.actualidadadiario.com\/index.php\/wp-json\/wp\/v2\/posts"}],"about":[{"href":"https:\/\/www.actualidadadiario.com\/index.php\/wp-json\/wp\/v2\/types\/post"}],"author":[{"embeddable":true,"href":"https:\/\/www.actualidadadiario.com\/index.php\/wp-json\/wp\/v2\/users\/3"}],"replies":[{"embeddable":true,"href":"https:\/\/www.actualidadadiario.com\/index.php\/wp-json\/wp\/v2\/comments?post=82633"}],"version-history":[{"count":1,"href":"https:\/\/www.actualidadadiario.com\/index.php\/wp-json\/wp\/v2\/posts\/82633\/revisions"}],"predecessor-version":[{"id":82634,"href":"https:\/\/www.actualidadadiario.com\/index.php\/wp-json\/wp\/v2\/posts\/82633\/revisions\/82634"}],"wp:featuredmedia":[{"embeddable":true,"href":"https:\/\/www.actualidadadiario.com\/index.php\/wp-json\/wp\/v2\/media\/77818"}],"wp:attachment":[{"href":"https:\/\/www.actualidadadiario.com\/index.php\/wp-json\/wp\/v2\/media?parent=82633"}],"wp:term":[{"taxonomy":"category","embeddable":true,"href":"https:\/\/www.actualidadadiario.com\/index.php\/wp-json\/wp\/v2\/categories?post=82633"},{"taxonomy":"post_tag","embeddable":true,"href":"https:\/\/www.actualidadadiario.com\/index.php\/wp-json\/wp\/v2\/tags?post=82633"}],"curies":[{"name":"wp","href":"https:\/\/api.w.org\/{rel}","templated":true}]}}