{"id":82630,"date":"2022-02-17T14:10:17","date_gmt":"2022-02-17T17:10:17","guid":{"rendered":"https:\/\/www.actualidadadiario.com\/?p=82630"},"modified":"2022-02-17T14:10:17","modified_gmt":"2022-02-17T17:10:17","slug":"casaretto-tambien-se-reunio-con-concejales-de-concordia-por-los-subsidios-al-transporte","status":"publish","type":"post","link":"https:\/\/www.actualidadadiario.com\/index.php\/2022\/02\/17\/casaretto-tambien-se-reunio-con-concejales-de-concordia-por-los-subsidios-al-transporte\/","title":{"rendered":"Casaretto tambi\u00e9n se reuni\u00f3 con concejales de Concordia por los subsidios al transporte"},"content":{"rendered":"<p style=\"text-align: center;\"><em><strong>Ediles concordienses mantuvieron una reuni\u00f3n virtual con el diputado nacional Marcelo Casaretto sobre los alcances al subsidio del transporte de pasajeros que acaba de instrumentar el Poder Ejecutivo nacional<\/strong><\/em><\/p>\n<p>&nbsp;<\/p>\n<p>&nbsp;<\/p>\n<p>&nbsp;<\/p>\n<p>El encuentro cont\u00f3 con la presencia del Jefe de Gabinete Alberto Armanazqui, el presidente del Concejo Deliberante Daniel Cedro, concejales del bloque oficialista y funcionarios que est\u00e1n abordando el tema de la actualizaci\u00f3n tarifaria del boleto de colectivo.<\/p>\n<p>&#8220;En mi funci\u00f3n como diputado nacional, estuve gestionando m\u00e1s fondos para el transporte p\u00fablico de pasajeros en las provincias, ya que hay una disparidad muy grande respecto a la Ciudad Aut\u00f3noma de Buenos Aires&#8221;, se\u00f1al\u00f3 Casaretto.<\/p>\n<p>Lo que se busc\u00f3, explic\u00f3 el legislador nacional, es &#8220;una mayor equidad en cuanto a los subsidios que se les otorga a las provincias&#8221;, y reducir la brecha entre el valor del boleto del colectivo en Ciudad de Buenos Aires y en el &#8220;llamado interior del pa\u00eds&#8221;, diferencia que se subvenciona con el aporte de todos los argentinos.<\/p>\n<p>Al explicar los fundamentos que motivaron tal decisi\u00f3n del gobierno del presidente Alberto Fern\u00e1ndez, Casaretto explic\u00f3 que lo que se &#8220;busca es compensar estas desigualdades y proteger a los usuarios de futuros aumentos, dado que si los aportes en subsidios son mayores el impacto en la actualizaci\u00f3n del valor del boleto ser\u00e1 distinto&#8221;.<\/p>\n<p>Al finalizar la reuni\u00f3n, el presidente del Concejo, Daniel Cedro, coment\u00f3 que &#8220;se invit\u00f3 a todos los concejales, de ambos bloques, porque es un tema que ata\u00f1e a toda la ciudadan\u00eda&#8221;. En este sentido, Cedro indic\u00f3 que &#8220;si aumenta el porcentaje del subsidio que reciben las provincias, logrando un mayor equilibrio con el subsidio que recibe la Ciudad Aut\u00f3noma de Buenos Aires, lo que se logra en avanzar en un pa\u00eds m\u00e1s federal y m\u00e1s justo. Eso es lo m\u00e1s importante que hay que destacar, una clara mirada federal, entendiendo que Argentina no termina en la General Paz&#8221;.<\/p>\n<p>Luego Cedro se\u00f1al\u00f3 que &#8220;el aumento en el porcentaje del subsidio, lograr\u00e1 que el impacto en la actualizaci\u00f3n del valor del boleto sea menor. Si no hubiese subsidios del Estado, el valor del boleto estar\u00eda por encima de los cien pesos. Por eso es importante discutir y federalizar los recursos&#8221;.<\/p>\n<p>Adem\u00e1s, el titular del cuerpo legislativo local indic\u00f3 que &#8220;con el Diputado Nacional Marcelo Casaretto pudimos conversar de otros temas que son de inter\u00e9s para la ciudadan\u00eda de Concordia. Y avanzamos en la coordinaci\u00f3n de un di\u00e1logo m\u00e1s fluido entre el Concejo Deliberante y la C\u00e1mara de Diputados de la Naci\u00f3n&#8221;.<\/p>\n<p>De la reuni\u00f3n de trabajo participaron adem\u00e1s de los mencionados, los concejales Gast\u00f3n Ecthepare, L\u00eda Sol\u00eds, Juan Domingo Gallo, Alicia Maldonado (todos del Frente de Todos), el director de la Central de Tr\u00e1nsito Roberto Zabala y el coordinador de la Unidad de Proyectos Estrat\u00e9gicos (UPE) Fabi\u00e1n Velasco.<\/p>\n","protected":false},"excerpt":{"rendered":"<p>Ediles concordienses mantuvieron una reuni\u00f3n virtual con el diputado nacional Marcelo Casaretto sobre los alcances al subsidio del transporte de pasajeros que acaba de instrumentar el Poder Ejecutivo nacional &nbsp; &nbsp; &nbsp; El encuentro cont\u00f3 con la presencia del Jefe de Gabinete Alberto Armanazqui, el presidente del Concejo Deliberante Daniel Cedro, concejales del bloque oficialista y funcionarios que est\u00e1n abordando el tema de la actualizaci\u00f3n tarifaria del boleto de colectivo. &#8220;En mi funci\u00f3n como diputado nacional, estuve gestionando m\u00e1s fondos para el transporte p\u00fablico de pasajeros en las provincias, ya&#8230;<\/p>\n","protected":false},"author":3,"featured_media":82631,"comment_status":"closed","ping_status":"closed","sticky":false,"template":"","format":"standard","meta":[],"categories":[15],"tags":[],"_links":{"self":[{"href":"https:\/\/www.actualidadadiario.com\/index.php\/wp-json\/wp\/v2\/posts\/82630"}],"collection":[{"href":"https:\/\/www.actualidadadiario.com\/index.php\/wp-json\/wp\/v2\/posts"}],"about":[{"href":"https:\/\/www.actualidadadiario.com\/index.php\/wp-json\/wp\/v2\/types\/post"}],"author":[{"embeddable":true,"href":"https:\/\/www.actualidadadiario.com\/index.php\/wp-json\/wp\/v2\/users\/3"}],"replies":[{"embeddable":true,"href":"https:\/\/www.actualidadadiario.com\/index.php\/wp-json\/wp\/v2\/comments?post=82630"}],"version-history":[{"count":1,"href":"https:\/\/www.actualidadadiario.com\/index.php\/wp-json\/wp\/v2\/posts\/82630\/revisions"}],"predecessor-version":[{"id":82632,"href":"https:\/\/www.actualidadadiario.com\/index.php\/wp-json\/wp\/v2\/posts\/82630\/revisions\/82632"}],"wp:featuredmedia":[{"embeddable":true,"href":"https:\/\/www.actualidadadiario.com\/index.php\/wp-json\/wp\/v2\/media\/82631"}],"wp:attachment":[{"href":"https:\/\/www.actualidadadiario.com\/index.php\/wp-json\/wp\/v2\/media?parent=82630"}],"wp:term":[{"taxonomy":"category","embeddable":true,"href":"https:\/\/www.actualidadadiario.com\/index.php\/wp-json\/wp\/v2\/categories?post=82630"},{"taxonomy":"post_tag","embeddable":true,"href":"https:\/\/www.actualidadadiario.com\/index.php\/wp-json\/wp\/v2\/tags?post=82630"}],"curies":[{"name":"wp","href":"https:\/\/api.w.org\/{rel}","templated":true}]}}