{"id":82618,"date":"2022-02-17T14:07:40","date_gmt":"2022-02-17T17:07:40","guid":{"rendered":"https:\/\/www.actualidadadiario.com\/?p=82618"},"modified":"2022-02-17T14:07:40","modified_gmt":"2022-02-17T17:07:40","slug":"emergencia-agropecuaria-el-gobierno-monitorea-con-las-entidades-privadas-la-ejecucion-de-la-ayuda-al-campo","status":"publish","type":"post","link":"https:\/\/www.actualidadadiario.com\/index.php\/2022\/02\/17\/emergencia-agropecuaria-el-gobierno-monitorea-con-las-entidades-privadas-la-ejecucion-de-la-ayuda-al-campo\/","title":{"rendered":"Emergencia Agropecuaria: el gobierno monitorea con las entidades privadas la ejecuci\u00f3n de la ayuda al campo"},"content":{"rendered":"<p style=\"text-align: center;\"><em><strong>En el marco de un nuevo encuentro de la Comisi\u00f3n de Emergencia Agropecuaria, este mi\u00e9rcoles los ministros de Producci\u00f3n, Turismo y Desarrollo Econ\u00f3mico, Juan Jos\u00e9 Bahillo y de Econom\u00eda, Hugo Ballay se reunieron con representantes de las gremiales del campo, entidades acad\u00e9micas y cient\u00edficas<\/strong><\/em><\/p>\n<p>&nbsp;<\/p>\n<p>&nbsp;<\/p>\n<p>En el foro abordaron la evoluci\u00f3n de las actividades primarias impactadas por la sequ\u00eda de este verano y los medios generados para asistirlos luego de la declaraci\u00f3n del Estado de Emergencia Agropecuaria en la provincia que dispuso el gobernador Gustavo Bordet.<\/p>\n<p>\u201cQueremos ser parte del cambio cultural en el sector agropecuario para que, en el futuro, los da\u00f1os de los eventos clim\u00e1ticos puedan superarse a trav\u00e9s del cobro de una p\u00f3liza de seguro. Trabajamos muy fuerte en ese sentido junto a las organizaciones del agro y los expertos del Instituto del Seguro\u201d, sentenci\u00f3 el ministro de Producci\u00f3n, Juan Jos\u00e9 Bahillo, en el marco de un nuevo encuentro de la Comisi\u00f3n de Emergencia Agropecuaria que se desarroll\u00f3 en el Centro Provincial de Convenciones.<\/p>\n<p>Bahillo ponder\u00f3 la bater\u00eda de medidas dispuestas por mandatario, qui\u00e9n en enero se reuni\u00f3 con los dirigentes del campo y, como dijo, en menos de 48 horas gestion\u00f3 una l\u00ednea de cr\u00e9ditos por 800 millones de pesos garantizada por el Estado entrerriano y a tasa subsidiada, incluso de cero en el primer a\u00f1o.<\/p>\n<p>En el tramo donde se abord\u00f3 la cuesti\u00f3n fiscal, Balay subray\u00f3 que \u201cen Entre R\u00edos no hay presi\u00f3n fiscal, el Impuesto Inmobiliario Rural se ajusta por \u00edndice inflacionario como pidi\u00f3 el gobernador e incluso viene con un a\u00f1o de atraso; y, por otra parte, el 93% de los productores est\u00e1 exento de pagar Ingresos Brutos\u201d. Sostuvo que la cartera econ\u00f3mica provincial se encuentra abierta a recibir propuestas por parte del sector para diagramar el Impuesto Inmobiliario Rural. Los ministros sumaron a sus equipos pol\u00edticos a la reuni\u00f3n, entre los que se contaron Lucio Amavet, secretario de Agricultura y Ganader\u00eda, Germ\u00e1n Gran\u00e9, titular de la Agencia Tributaria de Entre R\u00edos y los directores de Agricultura y Ganader\u00eda, Carlos Toledo y Exequiel Albarenque.<\/p>\n<p>La presentaci\u00f3n de las declaraciones juradas por parte de los productores incluidos en la Emergencia, la quita del impuesto de la Ley 4035 para el sector, y los planes de pago disponibles para cancelar deudas impositivas con la Provincia; fueron parte central de las conversaciones entre autoridades y dirigentes de la actividad privada.<\/p>\n<p>Bahillo afirm\u00f3 en ese contexto: \u201cSabemos muy bien que la sequ\u00eda que azot\u00f3 a Entre R\u00edos durante enero se traduce en una baja en la producci\u00f3n y que el escenario actual mejor\u00f3, pero muy sensiblemente. Es por ello que desde el Estado provincial continuamos trabajando en conjunto con las entidades rurales, el Gobierno nacional y organismos con INTA y Senasa para consensuar las mejores herramientas para hacerle frente a esta dif\u00edcil situaci\u00f3n\u201d.<\/p>\n<p>Al abordar el dise\u00f1o de una p\u00f3liza de seguro que cubra las inversiones en capital de trabajo que realizan los productores en las principales cadenas de valor, desde el Instituto del Seguro dieron a conocer las variantes en estudio, para dar la mayor protecci\u00f3n posible. \u201cNuestro objetivo es ejecutar una pol\u00edtica de Estado para dejar atr\u00e1s la Emergencia Agropecuaria; con un seguro bien aplicado los productores deben estar tranquilos con que su trabajo est\u00e1 protegido. A esa situaci\u00f3n debemos llegar con el aporte de todos los sectores involucrados\u201d, determin\u00f3 Bahillo.<\/p>\n<p>Desde Federaci\u00f3n Agraria, Elvio Gu\u00eda puso en valor el \u00e1mbito de debate para avanzar en estrategias que asistan al sector, reclam\u00f3 celeridad en los tr\u00e1mites para inscribir a los productores en la Emergencia y en las entidades bancarias para acelerar los tr\u00e1mites. Por su parte, el titular de la Cooperativas Agropecuarias Federadas, Juan Adolfo Balbi, determin\u00f3: \u201cLas inversiones en el campo son muy importantes y determinantes; de manera que el productor tiene que incorporar los seguros en su esquema de trabajo y esto tiene que suceder con el acompa\u00f1amiento del Estado\u201d.<\/p>\n<p>El presidente de la Federaci\u00f3n de Asociaciones Rurales (Farer), Jos\u00e9 Colombatto, destac\u00f3 \u201cla oportunidad de hablar claramente con el gobierno de la Provincia, en especial durante esta coyuntura donde la actividad est\u00e1 castigada por el clima\u201d.<\/p>\n<p>Adem\u00e1s de los mencionados, en representaci\u00f3n de Farer participaron Mat\u00edas Martiarena, Nicasio Tito y Juan Carlos Basald\u00faa; por la Federaci\u00f3n Agraria Argentina, Alfredo Bel; en representaci\u00f3n de la Federaci\u00f3n Entrerriana de Cooperativas, Gonzalo \u00c1lvarez Maldonado. Por la Sociedad Rural Argentina; Juan Diego Etchevehere y Beltr\u00e1n Benedit y por la Bolsa de Cereales de Entre R\u00edos, H\u00e9ctor Mart\u00ednez.<\/p>\n<p>Se sumaron los legisladores N\u00e9stor Loggio y Francisco Mochio; Guillermo Vicente y Maximiliano Villone de INTA y Senasa, respectivamente; y Carlos Retamoza de la Secretar\u00eda de Agricultura Familiar.<\/p>\n","protected":false},"excerpt":{"rendered":"<p>En el marco de un nuevo encuentro de la Comisi\u00f3n de Emergencia Agropecuaria, este mi\u00e9rcoles los ministros de Producci\u00f3n, Turismo y Desarrollo Econ\u00f3mico, Juan Jos\u00e9 Bahillo y de Econom\u00eda, Hugo Ballay se reunieron con representantes de las gremiales del campo, entidades acad\u00e9micas y cient\u00edficas &nbsp; &nbsp; En el foro abordaron la evoluci\u00f3n de las actividades primarias impactadas por la sequ\u00eda de este verano y los medios generados para asistirlos luego de la declaraci\u00f3n del Estado de Emergencia Agropecuaria en la provincia que dispuso el gobernador Gustavo Bordet. \u201cQueremos ser parte&#8230;<\/p>\n","protected":false},"author":3,"featured_media":82619,"comment_status":"closed","ping_status":"closed","sticky":false,"template":"","format":"standard","meta":[],"categories":[15],"tags":[],"_links":{"self":[{"href":"https:\/\/www.actualidadadiario.com\/index.php\/wp-json\/wp\/v2\/posts\/82618"}],"collection":[{"href":"https:\/\/www.actualidadadiario.com\/index.php\/wp-json\/wp\/v2\/posts"}],"about":[{"href":"https:\/\/www.actualidadadiario.com\/index.php\/wp-json\/wp\/v2\/types\/post"}],"author":[{"embeddable":true,"href":"https:\/\/www.actualidadadiario.com\/index.php\/wp-json\/wp\/v2\/users\/3"}],"replies":[{"embeddable":true,"href":"https:\/\/www.actualidadadiario.com\/index.php\/wp-json\/wp\/v2\/comments?post=82618"}],"version-history":[{"count":1,"href":"https:\/\/www.actualidadadiario.com\/index.php\/wp-json\/wp\/v2\/posts\/82618\/revisions"}],"predecessor-version":[{"id":82620,"href":"https:\/\/www.actualidadadiario.com\/index.php\/wp-json\/wp\/v2\/posts\/82618\/revisions\/82620"}],"wp:featuredmedia":[{"embeddable":true,"href":"https:\/\/www.actualidadadiario.com\/index.php\/wp-json\/wp\/v2\/media\/82619"}],"wp:attachment":[{"href":"https:\/\/www.actualidadadiario.com\/index.php\/wp-json\/wp\/v2\/media?parent=82618"}],"wp:term":[{"taxonomy":"category","embeddable":true,"href":"https:\/\/www.actualidadadiario.com\/index.php\/wp-json\/wp\/v2\/categories?post=82618"},{"taxonomy":"post_tag","embeddable":true,"href":"https:\/\/www.actualidadadiario.com\/index.php\/wp-json\/wp\/v2\/tags?post=82618"}],"curies":[{"name":"wp","href":"https:\/\/api.w.org\/{rel}","templated":true}]}}