{"id":82615,"date":"2022-02-17T14:06:27","date_gmt":"2022-02-17T17:06:27","guid":{"rendered":"https:\/\/www.actualidadadiario.com\/?p=82615"},"modified":"2022-02-17T14:06:27","modified_gmt":"2022-02-17T17:06:27","slug":"el-pami-sumara-un-nuevo-modelo-de-libre-eleccion-de-especialistas","status":"publish","type":"post","link":"https:\/\/www.actualidadadiario.com\/index.php\/2022\/02\/17\/el-pami-sumara-un-nuevo-modelo-de-libre-eleccion-de-especialistas\/","title":{"rendered":"El PAMI sumar\u00e1 un nuevo modelo de &#8220;libre elecci\u00f3n&#8221; de especialistas"},"content":{"rendered":"<p style=\"text-align: center;\"><em><strong>El sistema no reemplazar\u00e1 al m\u00e9dico de cabecera sino que &#8220;ampl\u00eda la capacidad de atenci\u00f3n&#8221; y &#8220;por primera vez en la historia&#8221; de la obra social, los afiliados van a poder elegir a qu\u00e9 m\u00e9dico o m\u00e9dica concurrir<\/strong><\/em><\/p>\n<p>&nbsp;<\/p>\n<p>&nbsp;<\/p>\n<p>El presidente Alberto Fern\u00e1ndez anunciar\u00e1 este viernes un nuevo modelo de &#8220;libre elecci\u00f3n&#8221; de especialistas que permitir\u00e1 turnos &#8220;m\u00e1s r\u00e1pidos&#8221; en el Programa de Atenci\u00f3n M\u00e9dica Integral (PAMI), informaron fuentes oficiales.<\/p>\n<p>Fern\u00e1ndez har\u00e1 el anuncio a las 11,30, junto a la titular de la obra social de los jubilados y pensionados, a Luana Volnovich, en el Museo del Bicentenario de la Casa Rosada.<\/p>\n<p>Las fuentes puntualizaron que este sistema &#8220;no reemplaza&#8221; al m\u00e9dico de cabecera sino que &#8220;ampl\u00eda la capacidad de atenci\u00f3n&#8221; en especialistas y centros de diagn\u00f3stico por im\u00e1genes&#8221; del PAMI.<\/p>\n<p>En sinton\u00eda, remarcaron que &#8220;por primera vez en la historia&#8221; de la obra social los afiliados &#8220;van a poder elegir el m\u00e9dico o m\u00e9dica especialista con quien atenderse&#8221;.<\/p>\n<p>Aseguraron que de esa manera &#8220;se va a generar el acceso a turnos m\u00e1s r\u00e1pido y mejor calidad de atenci\u00f3n&#8221; de los usuarios.<\/p>\n<p>De acuerdo a lo apuntado, ahora, a partir 1\u00ba de marzo, la obra social pondr\u00e1 t\u00e9rmino a un &#8220;sistema de asignaci\u00f3n fija&#8221;, por el cual las personas mayores no pod\u00edan seleccionar a los especialistas.<\/p>\n<p>De esa forma, se indic\u00f3 que se &#8220;acortar\u00e1 el tiempo de espera&#8221; para obtener turnos y tambi\u00e9n se podr\u00e1 optar por el centro de diagn\u00f3stico por imagen que la persona afiliada prefiera.<\/p>\n<p>El tr\u00e1mite se iniciar\u00e1 cuando el afiliado le pida a su m\u00e9dico de cabecera que emita la orden m\u00e9dica electr\u00f3nica para la especialidad o estudio de diagn\u00f3stico por im\u00e1genes que necesite.<\/p>\n<p>Luego, consultar\u00e1 la nueva cartilla m\u00e9dica para encontrar a los especialistas y centros de diagn\u00f3stico por im\u00e1genes disponibles en su zona y, una vez elegido el especialista o centro de diagn\u00f3stico por im\u00e1genes, la persona afiliada deber\u00e1 comunicarse para solicitar un turno.<\/p>\n","protected":false},"excerpt":{"rendered":"<p>El sistema no reemplazar\u00e1 al m\u00e9dico de cabecera sino que &#8220;ampl\u00eda la capacidad de atenci\u00f3n&#8221; y &#8220;por primera vez en la historia&#8221; de la obra social, los afiliados van a poder elegir a qu\u00e9 m\u00e9dico o m\u00e9dica concurrir &nbsp; &nbsp; El presidente Alberto Fern\u00e1ndez anunciar\u00e1 este viernes un nuevo modelo de &#8220;libre elecci\u00f3n&#8221; de especialistas que permitir\u00e1 turnos &#8220;m\u00e1s r\u00e1pidos&#8221; en el Programa de Atenci\u00f3n M\u00e9dica Integral (PAMI), informaron fuentes oficiales. Fern\u00e1ndez har\u00e1 el anuncio a las 11,30, junto a la titular de la obra social de los jubilados y&#8230;<\/p>\n","protected":false},"author":3,"featured_media":82616,"comment_status":"closed","ping_status":"closed","sticky":false,"template":"","format":"standard","meta":[],"categories":[18],"tags":[],"_links":{"self":[{"href":"https:\/\/www.actualidadadiario.com\/index.php\/wp-json\/wp\/v2\/posts\/82615"}],"collection":[{"href":"https:\/\/www.actualidadadiario.com\/index.php\/wp-json\/wp\/v2\/posts"}],"about":[{"href":"https:\/\/www.actualidadadiario.com\/index.php\/wp-json\/wp\/v2\/types\/post"}],"author":[{"embeddable":true,"href":"https:\/\/www.actualidadadiario.com\/index.php\/wp-json\/wp\/v2\/users\/3"}],"replies":[{"embeddable":true,"href":"https:\/\/www.actualidadadiario.com\/index.php\/wp-json\/wp\/v2\/comments?post=82615"}],"version-history":[{"count":1,"href":"https:\/\/www.actualidadadiario.com\/index.php\/wp-json\/wp\/v2\/posts\/82615\/revisions"}],"predecessor-version":[{"id":82617,"href":"https:\/\/www.actualidadadiario.com\/index.php\/wp-json\/wp\/v2\/posts\/82615\/revisions\/82617"}],"wp:featuredmedia":[{"embeddable":true,"href":"https:\/\/www.actualidadadiario.com\/index.php\/wp-json\/wp\/v2\/media\/82616"}],"wp:attachment":[{"href":"https:\/\/www.actualidadadiario.com\/index.php\/wp-json\/wp\/v2\/media?parent=82615"}],"wp:term":[{"taxonomy":"category","embeddable":true,"href":"https:\/\/www.actualidadadiario.com\/index.php\/wp-json\/wp\/v2\/categories?post=82615"},{"taxonomy":"post_tag","embeddable":true,"href":"https:\/\/www.actualidadadiario.com\/index.php\/wp-json\/wp\/v2\/tags?post=82615"}],"curies":[{"name":"wp","href":"https:\/\/api.w.org\/{rel}","templated":true}]}}