{"id":82612,"date":"2022-02-17T14:05:49","date_gmt":"2022-02-17T17:05:49","guid":{"rendered":"https:\/\/www.actualidadadiario.com\/?p=82612"},"modified":"2022-02-17T14:05:49","modified_gmt":"2022-02-17T17:05:49","slug":"el-gobierno-confirmo-que-analiza-crear-una-empresa-nacional-de-alimentos-para-bajar-la-inflacion","status":"publish","type":"post","link":"https:\/\/www.actualidadadiario.com\/index.php\/2022\/02\/17\/el-gobierno-confirmo-que-analiza-crear-una-empresa-nacional-de-alimentos-para-bajar-la-inflacion\/","title":{"rendered":"El Gobierno confirm\u00f3 que analiza crear una Empresa Nacional de Alimentos para bajar la inflaci\u00f3n"},"content":{"rendered":"<p style=\"text-align: center;\"><em><strong>La portavoz presidencial asegur\u00f3 que el objetivo ser\u00e1 controlar los aumentos de precios e impulsar a peque\u00f1os y medianos productores. La propuesta hab\u00eda sido mencionada por Rafael Klezjer, referente del Movimiento Popular La Dignidad<\/strong><\/em><\/p>\n<p>&nbsp;<\/p>\n<p>&nbsp;<\/p>\n<p>La propuesta elaborada por Rafael Klezjer, referente del Movimiento Popular La Dignidad podr\u00eda hacerse realidad. Esta ma\u00f1ana, en conferencia de prensa, Gabriela Cerruti no descart\u00f3 la creaci\u00f3n de una Empresa Nacional de Alimentos (ENA) para poder controlar los precios y poder llegar con alimentos a los sectores m\u00e1s vulnerables de la sociedad.<\/p>\n<p>\u201cEl Gobierno est\u00e1 empe\u00f1ado en ver de qu\u00e9 manera puede ayudar a los peque\u00f1os y medianos productores de hortalizas y verduras, que son los precios que estacionalmente m\u00e1s inciden en la inflaci\u00f3n\u201d. Cerruti habl\u00f3 en conferencia de prensa en Casa Rosada de \u201cayudar a los productores peque\u00f1os y medianos en la cuesti\u00f3n de la producci\u00f3n de verduras frescas\u201d y dijo que deben \u201chacer de esto un tema m\u00e1s masivo\u201d. Cerruti habl\u00f3 en conferencia de prensa en Casa Rosada de \u201cayudar a los productores peque\u00f1os y medianos en la cuesti\u00f3n de la producci\u00f3n de verduras frescas\u201d y dijo que deben \u201chacer de esto un tema m\u00e1s masivo\u201d.<\/p>\n<p>\u201cLa lucha contra la inflaci\u00f3n tiene que ver con el control de los precios pero tambi\u00e9n con la producci\u00f3n y exportaci\u00f3n, y con los acuerdos internacional como el del FMI; todos estos temas se llevan de manera conjunta y vistos como una pol\u00edtica global para poder tener \u00e9xito en la lucha contra la inflaci\u00f3n, que es una de nuestros grandes objetivos\u201d, concluy\u00f3 esta ma\u00f1ana.<\/p>\n<p>Roberto Feletti, Secretario de Comercio Interior ya hab\u00eda se\u00f1alado la voluntad de crear herramientas que le permitan mayor regulaci\u00f3n al Estado sobre el precio de los alimentos adem\u00e1s de desacoplar<\/p>\n<p>&nbsp;<\/p>\n<p><strong>\u00bfDe qu\u00e9 se trata la propuesta?<\/strong><\/p>\n<p>El Director Nacional de Pol\u00edticas Integradoras del Ministerio de Desarrollo Social, Rafael Klejzer, critic\u00f3 que haya &#8220;diez empresas de alimentos que determinan los precios&#8221; por lo que inst\u00f3 a la creaci\u00f3n de una &#8221; Empresa Nacional de Alimentos&#8221; que pueda &#8220;discutir soberanamente qu\u00e9 producto se abarata en la mesa de los argentinos&#8221;.<\/p>\n<p>En di\u00e1logo con Radio 10, el funcionario indic\u00f3 que &#8220;el programa de Precios Cuidados es muy importante, porque plancha los precios&#8221; pero advirti\u00f3 que &#8220;esta lucha no tiene que ser en soledad, tienen que intervenir las provincias, los municipios, todos&#8221;.<\/p>\n<p>El director se\u00f1al\u00f3 que &#8220;el precio de la mercader\u00eda en Argentina es pol\u00edtico, no tiene nada que ver con el stock; el precio del tomate no es un tema de falta de stock, sino de avaricia&#8221; y que por ello &#8220;hay que construir una correlaci\u00f3n de fuerzas, tiene que haber una decisi\u00f3n pol\u00edtica, hay que encontrarle el agujero al mate&#8221;.<\/p>\n<p>Por ello, concluy\u00f3 que &#8220;es muy importante la Empresa Nacional de Alimentos, porque empez\u00e1s a discutir m\u00e1s all\u00e1 del precio, sino que discut\u00eds soberanamente qu\u00e9 producto abarat\u00e1s en la mesa de los argentinos&#8221;.<\/p>\n<p>&nbsp;<\/p>\n<p><strong>\u00bfC\u00f3mo funcionar\u00eda?<\/strong><\/p>\n<p>\u201cUna Empresa Nacional de Alimentos, directamente asociada con los productores, permitir\u00e1 impulsar el rol activo del Estado, en cuanto a la planificaci\u00f3n, regulaci\u00f3n, control, producci\u00f3n, an\u00e1lisis de costos y comercializaci\u00f3n de los alimentos, en un mercado que hoy est\u00e1 fuertemente concentrado y en manos de grandes corporaciones\u201d, explic\u00f3 Rafael Klejzer.<\/p>\n<p>\u201cDe esta forma, ser\u00e1 posible generar un precio de referencia en los productos de consumo masivo y ponerle freno a la avaricia de las empresas que entienden al alimento como una mercanc\u00eda y no como un derecho social\u201d, sostuvo.<\/p>\n<p>\u201cNormalmente el aumento de precios de los alimentos est\u00e1 por encima de la media inflacionaria, eso quiere decir que hay un ensa\u00f1amiento con los hogares argentinos y una enorme transferencia de recursos de los sectores populares a los sectores concentrados de la econom\u00eda\u201d, afirm\u00f3 el dirigente social.<\/p>\n","protected":false},"excerpt":{"rendered":"<p>La portavoz presidencial asegur\u00f3 que el objetivo ser\u00e1 controlar los aumentos de precios e impulsar a peque\u00f1os y medianos productores. La propuesta hab\u00eda sido mencionada por Rafael Klezjer, referente del Movimiento Popular La Dignidad &nbsp; &nbsp; La propuesta elaborada por Rafael Klezjer, referente del Movimiento Popular La Dignidad podr\u00eda hacerse realidad. Esta ma\u00f1ana, en conferencia de prensa, Gabriela Cerruti no descart\u00f3 la creaci\u00f3n de una Empresa Nacional de Alimentos (ENA) para poder controlar los precios y poder llegar con alimentos a los sectores m\u00e1s vulnerables de la sociedad. \u201cEl Gobierno&#8230;<\/p>\n","protected":false},"author":3,"featured_media":82613,"comment_status":"closed","ping_status":"closed","sticky":false,"template":"","format":"standard","meta":[],"categories":[18],"tags":[],"_links":{"self":[{"href":"https:\/\/www.actualidadadiario.com\/index.php\/wp-json\/wp\/v2\/posts\/82612"}],"collection":[{"href":"https:\/\/www.actualidadadiario.com\/index.php\/wp-json\/wp\/v2\/posts"}],"about":[{"href":"https:\/\/www.actualidadadiario.com\/index.php\/wp-json\/wp\/v2\/types\/post"}],"author":[{"embeddable":true,"href":"https:\/\/www.actualidadadiario.com\/index.php\/wp-json\/wp\/v2\/users\/3"}],"replies":[{"embeddable":true,"href":"https:\/\/www.actualidadadiario.com\/index.php\/wp-json\/wp\/v2\/comments?post=82612"}],"version-history":[{"count":1,"href":"https:\/\/www.actualidadadiario.com\/index.php\/wp-json\/wp\/v2\/posts\/82612\/revisions"}],"predecessor-version":[{"id":82614,"href":"https:\/\/www.actualidadadiario.com\/index.php\/wp-json\/wp\/v2\/posts\/82612\/revisions\/82614"}],"wp:featuredmedia":[{"embeddable":true,"href":"https:\/\/www.actualidadadiario.com\/index.php\/wp-json\/wp\/v2\/media\/82613"}],"wp:attachment":[{"href":"https:\/\/www.actualidadadiario.com\/index.php\/wp-json\/wp\/v2\/media?parent=82612"}],"wp:term":[{"taxonomy":"category","embeddable":true,"href":"https:\/\/www.actualidadadiario.com\/index.php\/wp-json\/wp\/v2\/categories?post=82612"},{"taxonomy":"post_tag","embeddable":true,"href":"https:\/\/www.actualidadadiario.com\/index.php\/wp-json\/wp\/v2\/tags?post=82612"}],"curies":[{"name":"wp","href":"https:\/\/api.w.org\/{rel}","templated":true}]}}