{"id":82609,"date":"2022-02-17T14:05:08","date_gmt":"2022-02-17T17:05:08","guid":{"rendered":"https:\/\/www.actualidadadiario.com\/?p=82609"},"modified":"2022-02-17T14:05:08","modified_gmt":"2022-02-17T17:05:08","slug":"la-secretaria-de-energia-propuso-un-aumento-de-hasta-20-en-la-tarifa-final-de-electricidad","status":"publish","type":"post","link":"https:\/\/www.actualidadadiario.com\/index.php\/2022\/02\/17\/la-secretaria-de-energia-propuso-un-aumento-de-hasta-20-en-la-tarifa-final-de-electricidad\/","title":{"rendered":"La Secretar\u00eda de Energ\u00eda propuso un aumento de hasta 20% en la tarifa final de electricidad"},"content":{"rendered":"<p style=\"text-align: center;\"><em><strong>Dar\u00edo Mart\u00ednez plante\u00f3 como premisa el &#8220;compromiso&#8221; del Gobierno para que &#8220;los aumentos tarifarios siempre sean inferiores a la evoluci\u00f3n de los salarios&#8221;<\/strong><\/em><\/p>\n<p>&nbsp;<\/p>\n<p>&nbsp;<\/p>\n<p>La Secretar\u00eda de Energ\u00eda plante\u00f3 hoy ajustes en las distintas etapas de transporte y distribuci\u00f3n de electricidad para que se reflejen en un incremento de &#8220;entre el 17% y el 20%&#8221; en la tarifa establecida en la factura de los usuarios.<\/p>\n<p>As\u00ed lo plante\u00f3 el director nacional de Regulaci\u00f3n del Mercado El\u00e9ctrico Mayorista, Marcelo Positino, al exponer en el inicio de la audiencia p\u00fablica para analizar las propuestas de un nuevo cuadro tarifario provisorio para las distribuidoras Edenor y Edesur, que operan en el \u00c1rea Metropolitana de Buenos Aires (AMBA) bajo la \u00f3rbita del Ente Nacional Regulador de la Electricidad (ENRE) &#8220;Se plantea la fijaci\u00f3n de precios que se defina de forma tal cuyo impacto final en las facturas de los usuarios oscile entre el 17% y el 20%&#8221;, expres\u00f3 Positino.<\/p>\n<p>La audiencia p\u00fablica es presidida por la interventora del ENRE, Mar\u00eda Soledad Man\u00edn, y comenz\u00f3 a las 8.08 con una breve intervenci\u00f3n del secretario de Energ\u00eda, Dar\u00edo Mart\u00ednez, quien plante\u00f3 como premisa el &#8220;compromiso&#8221; del Gobierno para que &#8220;los aumentos tarifarios siempre sean inferiores a la evoluci\u00f3n de los salarios&#8221;.<\/p>\n<p>Positino se\u00f1al\u00f3 en su exposici\u00f3n que en 2021, en un contexto de crecimiento de la demanda y la generaci\u00f3n, hubo una emergencia h\u00eddrica caracterizada por la bajante m\u00e1s aguda del caudal del r\u00edo Paran\u00e1 en 77 a\u00f1os.<\/p>\n<p>En consecuencia, la generaci\u00f3n de energ\u00eda hidroel\u00e9ctrica cay\u00f3 17,1% y debi\u00f3 recurrirse a una mayor generaci\u00f3n t\u00e9rmica (con un mayor consumo de combustibles, que en el caso del gasoil creci\u00f3 un 137%) y, en menor medida, por energ\u00edas renovables. &#8220;Por estas circunstancias se prev\u00e9 que los costos aumenten en 2022 respecto de 2021&#8221;, advirti\u00f3 el funcionario.<\/p>\n<p>Asimismo, puntualiz\u00f3 que si los subsidios a la energ\u00eda el\u00e9ctrica aumentaron en 2021 fue &#8220;principalmente por los costos de generaci\u00f3n, debido a la devaluaci\u00f3n y el precio de los combustibles&#8221;, que representaron un valor adicional de $ 394.326 millones.<\/p>\n<p>En ese sentido, indic\u00f3 que para afrontar esos mayores costos &#8220;las 17 distribuidoras m\u00e1s grandes del pa\u00eds aumentaron en 2021 sus tarifas en un promedio del 23%&#8221;.<\/p>\n<p>Por otra parte, Positino asegur\u00f3 que si en febrero de 2021 se hubiera otorgado un incremento del 40% en la tarifa final de los usuarios &#8220;los subsidios habr\u00edan disminuido un 16%&#8221;.<\/p>\n","protected":false},"excerpt":{"rendered":"<p>Dar\u00edo Mart\u00ednez plante\u00f3 como premisa el &#8220;compromiso&#8221; del Gobierno para que &#8220;los aumentos tarifarios siempre sean inferiores a la evoluci\u00f3n de los salarios&#8221; &nbsp; &nbsp; La Secretar\u00eda de Energ\u00eda plante\u00f3 hoy ajustes en las distintas etapas de transporte y distribuci\u00f3n de electricidad para que se reflejen en un incremento de &#8220;entre el 17% y el 20%&#8221; en la tarifa establecida en la factura de los usuarios. As\u00ed lo plante\u00f3 el director nacional de Regulaci\u00f3n del Mercado El\u00e9ctrico Mayorista, Marcelo Positino, al exponer en el inicio de la audiencia p\u00fablica para&#8230;<\/p>\n","protected":false},"author":3,"featured_media":82610,"comment_status":"closed","ping_status":"closed","sticky":false,"template":"","format":"standard","meta":[],"categories":[18],"tags":[],"_links":{"self":[{"href":"https:\/\/www.actualidadadiario.com\/index.php\/wp-json\/wp\/v2\/posts\/82609"}],"collection":[{"href":"https:\/\/www.actualidadadiario.com\/index.php\/wp-json\/wp\/v2\/posts"}],"about":[{"href":"https:\/\/www.actualidadadiario.com\/index.php\/wp-json\/wp\/v2\/types\/post"}],"author":[{"embeddable":true,"href":"https:\/\/www.actualidadadiario.com\/index.php\/wp-json\/wp\/v2\/users\/3"}],"replies":[{"embeddable":true,"href":"https:\/\/www.actualidadadiario.com\/index.php\/wp-json\/wp\/v2\/comments?post=82609"}],"version-history":[{"count":1,"href":"https:\/\/www.actualidadadiario.com\/index.php\/wp-json\/wp\/v2\/posts\/82609\/revisions"}],"predecessor-version":[{"id":82611,"href":"https:\/\/www.actualidadadiario.com\/index.php\/wp-json\/wp\/v2\/posts\/82609\/revisions\/82611"}],"wp:featuredmedia":[{"embeddable":true,"href":"https:\/\/www.actualidadadiario.com\/index.php\/wp-json\/wp\/v2\/media\/82610"}],"wp:attachment":[{"href":"https:\/\/www.actualidadadiario.com\/index.php\/wp-json\/wp\/v2\/media?parent=82609"}],"wp:term":[{"taxonomy":"category","embeddable":true,"href":"https:\/\/www.actualidadadiario.com\/index.php\/wp-json\/wp\/v2\/categories?post=82609"},{"taxonomy":"post_tag","embeddable":true,"href":"https:\/\/www.actualidadadiario.com\/index.php\/wp-json\/wp\/v2\/tags?post=82609"}],"curies":[{"name":"wp","href":"https:\/\/api.w.org\/{rel}","templated":true}]}}