{"id":82607,"date":"2022-02-17T14:04:30","date_gmt":"2022-02-17T17:04:30","guid":{"rendered":"https:\/\/www.actualidadadiario.com\/?p=82607"},"modified":"2022-02-17T14:04:30","modified_gmt":"2022-02-17T17:04:30","slug":"el-senado-nacional-celebrara-la-semana-que-viene-su-sesion-preparatoria","status":"publish","type":"post","link":"https:\/\/www.actualidadadiario.com\/index.php\/2022\/02\/17\/el-senado-nacional-celebrara-la-semana-que-viene-su-sesion-preparatoria\/","title":{"rendered":"El Senado nacional celebrar\u00e1 la semana que viene su sesi\u00f3n preparatoria"},"content":{"rendered":"<p style=\"text-align: center;\"><em><strong>La sesi\u00f3n reglamentaria servir\u00e1 para ratificar a las autoridades del cuerpo y fijar los d\u00edas y horas de reuni\u00f3n<\/strong><\/em><\/p>\n<p>&nbsp;<\/p>\n<p>&nbsp;<\/p>\n<p>La C\u00e1mara de Senadores de la Naci\u00f3n realizar\u00e1 la semana pr\u00f3xima la sesi\u00f3n preparatoria en la que se ratificar\u00e1 formalmente a las autoridades del cuerpo y se fijar\u00e1n los d\u00edas y horas de las sesiones ordinarias, se inform\u00f3 oficialmente.<\/p>\n<p>La reuni\u00f3n, tal como lo establece el art\u00edculo 1 del Reglamento del Senado, se llevar\u00e1 a cabo el jueves 24 de febrero. La vicepresidenta de la Naci\u00f3n y titular de la C\u00e1mara alta, Cristina Fern\u00e1ndez de Kirchner, firm\u00f3 el Decreto Presidencial Parlamentario 3\/22 para convocar a los legisladores al recinto desde el mediod\u00eda.<\/p>\n<p>Durante la sesi\u00f3n, los legisladores ratificar\u00e1n a las autoridades elegidas tras el recambio parlamentario de diciembre.<\/p>\n<p>La Presidencia Provisional continuar\u00e1 en manos de la oficialista santiague\u00f1a Claudia Abdala de Zamora, en tanto que la vicepresidencia quedar\u00e1 para la opositora santafesina Carolina Losada.<\/p>\n<p>Como vicepresidente primero fue designado el representante del Frente de Todos por Misiones, Maurice Closs; mientras que en la vicepresidencia segunda permanecer\u00e1 la macrista porte\u00f1a Guadalupe Tagliaferri.<\/p>\n<p>Por otro lado, Juntos por el Cambio propondr\u00e1 que se le tome juramento a Jos\u00e9 Mar\u00eda Torello, exasesor del expresidente Mauricio Macri, como suplente del bonaerense Esteban Bullrich, quien a fines del a\u00f1o pasado decidi\u00f3 dejar su banca ya que, seg\u00fan manifest\u00f3, no puede hacer frente a sus obligaciones a ra\u00edz de la esclerosis lateral amiotr\u00f3fica (ELA) que lo afecta.<\/p>\n","protected":false},"excerpt":{"rendered":"<p>La sesi\u00f3n reglamentaria servir\u00e1 para ratificar a las autoridades del cuerpo y fijar los d\u00edas y horas de reuni\u00f3n &nbsp; &nbsp; La C\u00e1mara de Senadores de la Naci\u00f3n realizar\u00e1 la semana pr\u00f3xima la sesi\u00f3n preparatoria en la que se ratificar\u00e1 formalmente a las autoridades del cuerpo y se fijar\u00e1n los d\u00edas y horas de las sesiones ordinarias, se inform\u00f3 oficialmente. La reuni\u00f3n, tal como lo establece el art\u00edculo 1 del Reglamento del Senado, se llevar\u00e1 a cabo el jueves 24 de febrero. La vicepresidenta de la Naci\u00f3n y titular de&#8230;<\/p>\n","protected":false},"author":3,"featured_media":75077,"comment_status":"closed","ping_status":"closed","sticky":false,"template":"","format":"standard","meta":[],"categories":[18],"tags":[],"_links":{"self":[{"href":"https:\/\/www.actualidadadiario.com\/index.php\/wp-json\/wp\/v2\/posts\/82607"}],"collection":[{"href":"https:\/\/www.actualidadadiario.com\/index.php\/wp-json\/wp\/v2\/posts"}],"about":[{"href":"https:\/\/www.actualidadadiario.com\/index.php\/wp-json\/wp\/v2\/types\/post"}],"author":[{"embeddable":true,"href":"https:\/\/www.actualidadadiario.com\/index.php\/wp-json\/wp\/v2\/users\/3"}],"replies":[{"embeddable":true,"href":"https:\/\/www.actualidadadiario.com\/index.php\/wp-json\/wp\/v2\/comments?post=82607"}],"version-history":[{"count":1,"href":"https:\/\/www.actualidadadiario.com\/index.php\/wp-json\/wp\/v2\/posts\/82607\/revisions"}],"predecessor-version":[{"id":82608,"href":"https:\/\/www.actualidadadiario.com\/index.php\/wp-json\/wp\/v2\/posts\/82607\/revisions\/82608"}],"wp:featuredmedia":[{"embeddable":true,"href":"https:\/\/www.actualidadadiario.com\/index.php\/wp-json\/wp\/v2\/media\/75077"}],"wp:attachment":[{"href":"https:\/\/www.actualidadadiario.com\/index.php\/wp-json\/wp\/v2\/media?parent=82607"}],"wp:term":[{"taxonomy":"category","embeddable":true,"href":"https:\/\/www.actualidadadiario.com\/index.php\/wp-json\/wp\/v2\/categories?post=82607"},{"taxonomy":"post_tag","embeddable":true,"href":"https:\/\/www.actualidadadiario.com\/index.php\/wp-json\/wp\/v2\/tags?post=82607"}],"curies":[{"name":"wp","href":"https:\/\/api.w.org\/{rel}","templated":true}]}}