{"id":82604,"date":"2022-02-17T14:03:45","date_gmt":"2022-02-17T17:03:45","guid":{"rendered":"https:\/\/www.actualidadadiario.com\/?p=82604"},"modified":"2022-02-17T14:03:45","modified_gmt":"2022-02-17T17:03:45","slug":"las-exigencias-de-jxc-frena-la-actividad-parlamentaria-en-diputados","status":"publish","type":"post","link":"https:\/\/www.actualidadadiario.com\/index.php\/2022\/02\/17\/las-exigencias-de-jxc-frena-la-actividad-parlamentaria-en-diputados\/","title":{"rendered":"Las exigencias de JxC frena la actividad parlamentaria en Diputados"},"content":{"rendered":"<p style=\"text-align: center;\"><em><strong>A febrero le quedan solo 7 d\u00edas h\u00e1biles, sin embargo la C\u00e1mara de Diputados contin\u00faa hibernando. La demora en la conformaci\u00f3n de las comisiones legislativas, motivada por la conflictiva paridad de fuerzas entre el Frente de Todos y Juntos por el Cambio, ya ha vuelto casi imposible que se realice alguna sesi\u00f3n durante el per\u00edodo de extraordinarias, por lo que muchos diputados especulan con que la verdadera actividad parlamentaria comenzar\u00e1 reci\u00e9n el 1 de marzo, cuando Alberto Fern\u00e1ndez anuncie el acuerdo con el FMI. El problema no es tanto el temario presentado por el presidente, que cuenta con un consenso mayoritario de los bloques, sino la cruda disputa entre el oficialismo y JxC por el control de las comisiones m\u00e1s importantes (y que son claves a la hora de definir qu\u00e9 proyectos pasan al recinto o, por el contrario, mueren en la c\u00e1mara sin nunca ser tratados). Las negociaciones, de momento, est\u00e1n paralizadas y la expectativa de poder avanzar en estos d\u00edas de forma que se convoque a una \u00fanica sesi\u00f3n extraordinaria la semana que viene es cada vez menor<\/strong><\/em><\/p>\n<p>&nbsp;<\/p>\n<p>&nbsp;<\/p>\n<p>&nbsp;<\/p>\n<p>Envalentonados tras la victoria electoral del a\u00f1o pasado, JxC viene reclamando hace un tiempo que la agenda legislativa y la designaci\u00f3n de autoridades deben reflejar el nuevo equilibrio de fuerzas de la C\u00e1mara de Diputados. Con 116 diputados propios, frente a los 118 del FdT, el interbloque opositor subi\u00f3 la apuesta y exige ahora para s\u00ed la presidencia de varias comisiones que hist\u00f3ricamente hab\u00edan estado en manos del oficialismo de turno. &#8220;Nosotros entendemos la paridad, pero est\u00e1n pidiendo comisiones muy importantes que hacen a la gobernabilidad del frente&#8221;, sostuvo una fuente del oficialismo en la C\u00e1mara Baja, que considera que, al ser primera minor\u00eda, le siguen correspondiendo las comisiones clave. Seg\u00fan pudo saber este diario, la secretaria parlamentaria de JxC, Silvia Lospennato, pidi\u00f3 para la oposici\u00f3n la presidencia y la mayor\u00eda de les integrantes de las comisiones de Asuntos Constitucionales, Justicia, Educaci\u00f3n, Seguridad, Legislaci\u00f3n Penal, Agricultura y Seguridad. &#8220;Est\u00e1n agrandados&#8221;, deslizaron desde el bloque del FdT, pero en JxC defendieron su postura: &#8220;Ninguna comisi\u00f3n de las que pedimos no ha estado en alg\u00fan momento en manos de la oposici\u00f3n&#8221;.<\/p>\n<p>La \u00faltima reuni\u00f3n entre Paula Pennaca (FdT) y Lospennato, las dos diputadas que encabezan las negociaciones, fue la semana pasada. Si bien en ambos sectores coinciden que las conversaciones entraron a un punto muerto, hay una parte del oficialismo que no se resigna e insiste en que todav\u00eda es posible convocar a una sesi\u00f3n la semana que viene con temas no conflictivos. &#8220;Ac\u00e1 hay un problema con la paridad m\u00e1s la tensi\u00f3n que se genera frente a la falta de claridad que hay por el acuerdo con el FMI, pero se va a resolver. Lo de las comisiones son escarceos previos t\u00edpicos de las negociaciones, pero se va a llegar a un acuerdo razonable&#8221;, asegur\u00f3 un diputado del ri\u00f1\u00f3n albertista a este diario.<\/p>\n<p>Otro que comparte este optimismo es el titular de la C\u00e1mara de Diputados, Sergio Massa, quien conf\u00eda en que, de solucionarse en estos d\u00edas las diferencias que hay en torno al armado de las comisiones, la pr\u00f3xima semana se podr\u00eda avanzar sobre tablas con un temario ya consensuado con la oposici\u00f3n. Entre los 18 proyectos que present\u00f3 el Presidente en el temario de extraordinarias, se especula con que habr\u00eda consenso para debatir la Ley de Respuesta Integral al VIH, la de Cannabis Medicinal y C\u00e1\u00f1amo Industrial y la creaci\u00f3n de parques nacionales en C\u00f3rdoba y R\u00edo Negro. La reforma del Consejo de la Magistratura, mientras tanto, duerme en el Senado, en donde la posibilidad de que se debate en extraordinarias ya qued\u00f3 en el olvido. En la oposici\u00f3n, sin embargo, son m\u00e1s esc\u00e9pticos: &#8220;El Congreso 2022 se reactiva reci\u00e9n en marzo con el debate del acuerdo del FMI&#8221;, pronostic\u00f3 un vocero de JxC.<\/p>\n","protected":false},"excerpt":{"rendered":"<p>A febrero le quedan solo 7 d\u00edas h\u00e1biles, sin embargo la C\u00e1mara de Diputados contin\u00faa hibernando. La demora en la conformaci\u00f3n de las comisiones legislativas, motivada por la conflictiva paridad de fuerzas entre el Frente de Todos y Juntos por el Cambio, ya ha vuelto casi imposible que se realice alguna sesi\u00f3n durante el per\u00edodo de extraordinarias, por lo que muchos diputados especulan con que la verdadera actividad parlamentaria comenzar\u00e1 reci\u00e9n el 1 de marzo, cuando Alberto Fern\u00e1ndez anuncie el acuerdo con el FMI. El problema no es tanto el&#8230;<\/p>\n","protected":false},"author":3,"featured_media":82605,"comment_status":"closed","ping_status":"closed","sticky":false,"template":"","format":"standard","meta":[],"categories":[18],"tags":[],"_links":{"self":[{"href":"https:\/\/www.actualidadadiario.com\/index.php\/wp-json\/wp\/v2\/posts\/82604"}],"collection":[{"href":"https:\/\/www.actualidadadiario.com\/index.php\/wp-json\/wp\/v2\/posts"}],"about":[{"href":"https:\/\/www.actualidadadiario.com\/index.php\/wp-json\/wp\/v2\/types\/post"}],"author":[{"embeddable":true,"href":"https:\/\/www.actualidadadiario.com\/index.php\/wp-json\/wp\/v2\/users\/3"}],"replies":[{"embeddable":true,"href":"https:\/\/www.actualidadadiario.com\/index.php\/wp-json\/wp\/v2\/comments?post=82604"}],"version-history":[{"count":1,"href":"https:\/\/www.actualidadadiario.com\/index.php\/wp-json\/wp\/v2\/posts\/82604\/revisions"}],"predecessor-version":[{"id":82606,"href":"https:\/\/www.actualidadadiario.com\/index.php\/wp-json\/wp\/v2\/posts\/82604\/revisions\/82606"}],"wp:featuredmedia":[{"embeddable":true,"href":"https:\/\/www.actualidadadiario.com\/index.php\/wp-json\/wp\/v2\/media\/82605"}],"wp:attachment":[{"href":"https:\/\/www.actualidadadiario.com\/index.php\/wp-json\/wp\/v2\/media?parent=82604"}],"wp:term":[{"taxonomy":"category","embeddable":true,"href":"https:\/\/www.actualidadadiario.com\/index.php\/wp-json\/wp\/v2\/categories?post=82604"},{"taxonomy":"post_tag","embeddable":true,"href":"https:\/\/www.actualidadadiario.com\/index.php\/wp-json\/wp\/v2\/tags?post=82604"}],"curies":[{"name":"wp","href":"https:\/\/api.w.org\/{rel}","templated":true}]}}