{"id":82601,"date":"2022-02-17T14:03:06","date_gmt":"2022-02-17T17:03:06","guid":{"rendered":"https:\/\/www.actualidadadiario.com\/?p=82601"},"modified":"2022-02-17T14:03:06","modified_gmt":"2022-02-17T17:03:06","slug":"como-seran-las-100-nuevas-escuelas-tecnicas-que-construira-el-gobierno","status":"publish","type":"post","link":"https:\/\/www.actualidadadiario.com\/index.php\/2022\/02\/17\/como-seran-las-100-nuevas-escuelas-tecnicas-que-construira-el-gobierno\/","title":{"rendered":"C\u00f3mo ser\u00e1n las 100 nuevas escuelas t\u00e9cnicas que construir\u00e1 el Gobierno"},"content":{"rendered":"<p style=\"text-align: center;\"><em><strong>El ministro de Obras P\u00fablicas, Gabriel Katopodis, dio detalles sobre la construcci\u00f3n de 100 escuelas t\u00e9cnicas en el pr\u00f3ximo a\u00f1o y medio, que anunci\u00f3 ayer el presidente Alberto Fern\u00e1ndez. \u201cLa obra p\u00fablica no se ha frenado con la pandemia ni se va a frenar con el acuerdo con el FMI\u201d, garantiz\u00f3 el funcionario<\/strong><\/em><\/p>\n<p>&nbsp;<\/p>\n<p>&nbsp;<\/p>\n<p>Durante un acto en Tecn\u00f3polis, el gobierno nacional anunci\u00f3 este mi\u00e9rcoles la construcci\u00f3n de 100 escuelas p\u00fablicas en todo el pa\u00eds, con especialidades que apuntan a reimpulsar la capacitaci\u00f3n profesional de los secundarios y cuyas aulas y talleres albergar\u00e1n a unos 100 mil estudiantes de todo el pa\u00eds.<\/p>\n<p>&nbsp;<\/p>\n<p><strong>La inversi\u00f3n en las escuelas t\u00e9cnicas<\/strong><\/p>\n<p>Katopodis precis\u00f3 que el costo total de la inversi\u00f3n educativa ser\u00e1 de 35.500 millones de pesos, una apuesta hecha en el contexto de repunte econ\u00f3mico y productivo a pesar del parate provocado por la pandemia de coronavirus que hizo declinar la econom\u00eda mundial y de los vaivenes que gener\u00f3 la negociaci\u00f3n con el Fondo Monetario Internacional producto de la deuda tomada por el gobierno de Mauricio Macri y Juntos por el Cambio.<\/p>\n<p>\u201cLa obra p\u00fablica no se ha frenado con la pandemia ni se va a frenar con el acuerdo con el Fondo Monetario. Vamos a arreglar las cuentas del pa\u00eds pero primero la de las familias\u201d, sentenci\u00f3 Katopodis durante una entrevista con Radio 10.<\/p>\n<p>&nbsp;<\/p>\n<p><strong>El perfil de cada escuela t\u00e9cnica<\/strong><\/p>\n<p>Durante la charla period\u00edstica, el ministro explic\u00f3 que el perfil de cada una de las escuelas t\u00e9cnicas que se construir\u00e1n en el pr\u00f3ximo a\u00f1o y medio \u201cse va a ir definiendo de acuerdo al perfil productivo de cada provincia\u201d.<\/p>\n<p>\u201cEl prototipo de cada escuela no va a ser el mismo, porque no es lo mismo lo que necesita la provincia de Buenos Aires que lo que necesita Jujuy\u201d, apunt\u00f3.<\/p>\n<p>&nbsp;<\/p>\n<p><strong>C\u00f3mo ser\u00e1n las nuevas escuelas t\u00e9cnicas<\/strong><\/p>\n<ul>\n<li>Los edificios tendr\u00e1n una superficie total de 3.000 m\u00b2 y deber\u00e1n estar finalizados entre 10 a 18 meses como m\u00e1ximo, de acuerdo a cada modelo.<\/li>\n<li>Cada unidad estar\u00e1 dotada de aulas, talleres, laboratorios, biblioteca, SUM y espacios de encuentro para recibir en total a 600 estudiantes en tres turnos.<\/li>\n<li>Su construcci\u00f3n contemplar\u00e1 especialidades t\u00e9cnicas como Agroindustria; Bioeconom\u00eda; Construcciones; Econom\u00eda del conocimiento; Energ\u00edas; Industria textil; Miner\u00eda, Mec\u00e1nica automotriz; Metalmec\u00e1nica; Madera y muebles; Petr\u00f3leo y gas; Tecnolog\u00eda 4.0; y Telecomunicaciones.<\/li>\n<\/ul>\n<p>&nbsp;<\/p>\n<p><strong>\u201cLa mejor Argentina siempre fue cuando la educaci\u00f3n t\u00e9cnica fue un eje\u201d<\/strong><\/p>\n<p>El funcionario destac\u00f3 que el Gobierno tom\u00f3 la decisi\u00f3n de impulsar esta iniciativa porque el tipo \u201clas obras p\u00fablicas definen qu\u00e9 tipo de desarrollo quiere un gobierno de un pa\u00eds\u201d y el Frente de Todos \u201csabe qu\u00e9 tipo de desarrollo necesita la Argentina y c\u00f3mo se tiene que integrar\u201d.<\/p>\n<p>\u201cEl Presidente est\u00e1 convencido de que con este tipo de iniciativas la educaci\u00f3n p\u00fablica estar\u00e1 m\u00e1s cerca del mercado de trabajo\u201d, agreg\u00f3 y record\u00f3 que \u201cla mejor Argentina siempre fue cuando la educaci\u00f3n t\u00e9cnica fue un eje\u201d.<\/p>\n<p>Katopodis resalt\u00f3 tambi\u00e9n que \u201cpara empezar estos pr\u00f3ximos dos a\u00f1os gobierno con una Argentina que se vaya proyectando, nada mejor que la educaci\u00f3n\u201d,\u00a0 y remarc\u00f3 la intenci\u00f3n de hacer que \u201cla educaci\u00f3n sea interesante para los pibes, genere est\u00edmulos\u201d. \u201cLa expectativa de que cuando uno pasa por la escuela despu\u00e9s est\u00e1 m\u00e1s cerca de tener un buen trabajo y realizarse como persona\u201d, concluy\u00f3.<\/p>\n","protected":false},"excerpt":{"rendered":"<p>El ministro de Obras P\u00fablicas, Gabriel Katopodis, dio detalles sobre la construcci\u00f3n de 100 escuelas t\u00e9cnicas en el pr\u00f3ximo a\u00f1o y medio, que anunci\u00f3 ayer el presidente Alberto Fern\u00e1ndez. \u201cLa obra p\u00fablica no se ha frenado con la pandemia ni se va a frenar con el acuerdo con el FMI\u201d, garantiz\u00f3 el funcionario &nbsp; &nbsp; Durante un acto en Tecn\u00f3polis, el gobierno nacional anunci\u00f3 este mi\u00e9rcoles la construcci\u00f3n de 100 escuelas p\u00fablicas en todo el pa\u00eds, con especialidades que apuntan a reimpulsar la capacitaci\u00f3n profesional de los secundarios y cuyas&#8230;<\/p>\n","protected":false},"author":3,"featured_media":82602,"comment_status":"closed","ping_status":"closed","sticky":false,"template":"","format":"standard","meta":[],"categories":[18],"tags":[],"_links":{"self":[{"href":"https:\/\/www.actualidadadiario.com\/index.php\/wp-json\/wp\/v2\/posts\/82601"}],"collection":[{"href":"https:\/\/www.actualidadadiario.com\/index.php\/wp-json\/wp\/v2\/posts"}],"about":[{"href":"https:\/\/www.actualidadadiario.com\/index.php\/wp-json\/wp\/v2\/types\/post"}],"author":[{"embeddable":true,"href":"https:\/\/www.actualidadadiario.com\/index.php\/wp-json\/wp\/v2\/users\/3"}],"replies":[{"embeddable":true,"href":"https:\/\/www.actualidadadiario.com\/index.php\/wp-json\/wp\/v2\/comments?post=82601"}],"version-history":[{"count":1,"href":"https:\/\/www.actualidadadiario.com\/index.php\/wp-json\/wp\/v2\/posts\/82601\/revisions"}],"predecessor-version":[{"id":82603,"href":"https:\/\/www.actualidadadiario.com\/index.php\/wp-json\/wp\/v2\/posts\/82601\/revisions\/82603"}],"wp:featuredmedia":[{"embeddable":true,"href":"https:\/\/www.actualidadadiario.com\/index.php\/wp-json\/wp\/v2\/media\/82602"}],"wp:attachment":[{"href":"https:\/\/www.actualidadadiario.com\/index.php\/wp-json\/wp\/v2\/media?parent=82601"}],"wp:term":[{"taxonomy":"category","embeddable":true,"href":"https:\/\/www.actualidadadiario.com\/index.php\/wp-json\/wp\/v2\/categories?post=82601"},{"taxonomy":"post_tag","embeddable":true,"href":"https:\/\/www.actualidadadiario.com\/index.php\/wp-json\/wp\/v2\/tags?post=82601"}],"curies":[{"name":"wp","href":"https:\/\/api.w.org\/{rel}","templated":true}]}}