{"id":8260,"date":"2017-03-10T10:47:42","date_gmt":"2017-03-10T13:47:42","guid":{"rendered":"http:\/\/actualidadadiario.com\/site\/?p=8260"},"modified":"2017-03-10T10:47:42","modified_gmt":"2017-03-10T13:47:42","slug":"se-extiende-puja-salarial-docente-en-las-provincias","status":"publish","type":"post","link":"https:\/\/www.actualidadadiario.com\/index.php\/2017\/03\/10\/se-extiende-puja-salarial-docente-en-las-provincias\/","title":{"rendered":"Se extiende puja salarial docente en las provincias"},"content":{"rendered":"<p><em><strong>Las pujas paritarias entre gobiernos y maestros contin\u00faan en las provincias a una semana del comienzo de clases, con paros incluidos que amenazan la continuidad del ciclo lectivo<\/strong><\/em><\/p>\n<p>&nbsp;<\/p>\n<p>&nbsp;<\/p>\n<p>&nbsp;<\/p>\n<p>&nbsp;<\/p>\n<p>&nbsp;<\/p>\n<p>&nbsp;<\/p>\n<p>El gobernador de la Santa Fe, Miguel Lifschitz, anunci\u00f3 un plan de inversi\u00f3n en infraestructura escolar y nuevos cupos de trabajo para docentes durante la inauguraci\u00f3n del ciclo lectivo en Rosario. Sin embargo, la apertura de las aulas no lo priv\u00f3 del anuncio de un paro docente provincial para la semana pr\u00f3xima. El Sindicato de Docentes Particulares (Sadop) confirm\u00f3 la realizaci\u00f3n de la huelga de 48 horas el mi\u00e9rcoles y el jueves pr\u00f3ximos, con lo cual se sum\u00f3 a la medida de fuerza convocada por el gremio de docentes provinciales Amsaf\u00e9. Los gremios rechazaron el ofrecimiento de un incremento salarial del 19,5%, distribuido en dos tramos.<\/p>\n<p>&nbsp;<\/p>\n<p>El mandatario pampeano, Carlos Verna, pas\u00f3 para el lunes la discusi\u00f3n salarial con los maestros, y culp\u00f3 por la situaci\u00f3n a la Casa Rosada por no haber llamado a la paritaria nacional. Dijo que la propuesta contendr\u00e1 una cl\u00e1usula gatillo por si se dispara la inflaci\u00f3n.<\/p>\n<p>&nbsp;<\/p>\n<p>En San Juan las negociaciones tambi\u00e9n continuar\u00e1n la pr\u00f3xima semana, pero el martes, y sobre la base de un entendimiento con los gremios docentes tras ofrecer ayer un 18% de aumento en tramos.<\/p>\n<p>&nbsp;<\/p>\n<p>Por su parte, el ministro de Educaci\u00f3n de Chaco, Daniel Far\u00edas, anunci\u00f3 la suspensi\u00f3n de la reuni\u00f3n de la paritaria docente prevista para ayer &#8220;hasta tanto sea aprobado el presupuesto oficial de este a\u00f1o&#8221; por la C\u00e1mara de Diputados.<\/p>\n<p>&nbsp;<\/p>\n<p>Y en C\u00f3rdoba, las negociaciones entre el Gobierno del peronista Juan Schiaretti y los gremios docentes pasaron a un cuarto intermedio hasta el lunes.<\/p>\n<p>&nbsp;<\/p>\n<p>La oferta salarial estar\u00e1 en torno al 19,5% y se reconocer\u00e1n sumas adeudas por las actas firmadas en 2015 y 2016, como reclaman los sindicatos.<\/p>\n","protected":false},"excerpt":{"rendered":"<p>Las pujas paritarias entre gobiernos y maestros contin\u00faan en las provincias a una semana del comienzo de clases, con paros incluidos que amenazan la continuidad del ciclo lectivo &nbsp; &nbsp; &nbsp; &nbsp; &nbsp; &nbsp; El gobernador de la Santa Fe, Miguel Lifschitz, anunci\u00f3 un plan de inversi\u00f3n en infraestructura escolar y nuevos cupos de trabajo para docentes durante la inauguraci\u00f3n del ciclo lectivo en Rosario. Sin embargo, la apertura de las aulas no lo priv\u00f3 del anuncio de un paro docente provincial para la semana pr\u00f3xima. El Sindicato de Docentes&#8230;<\/p>\n","protected":false},"author":3,"featured_media":8262,"comment_status":"closed","ping_status":"closed","sticky":false,"template":"","format":"standard","meta":[],"categories":[2],"tags":[],"_links":{"self":[{"href":"https:\/\/www.actualidadadiario.com\/index.php\/wp-json\/wp\/v2\/posts\/8260"}],"collection":[{"href":"https:\/\/www.actualidadadiario.com\/index.php\/wp-json\/wp\/v2\/posts"}],"about":[{"href":"https:\/\/www.actualidadadiario.com\/index.php\/wp-json\/wp\/v2\/types\/post"}],"author":[{"embeddable":true,"href":"https:\/\/www.actualidadadiario.com\/index.php\/wp-json\/wp\/v2\/users\/3"}],"replies":[{"embeddable":true,"href":"https:\/\/www.actualidadadiario.com\/index.php\/wp-json\/wp\/v2\/comments?post=8260"}],"version-history":[{"count":1,"href":"https:\/\/www.actualidadadiario.com\/index.php\/wp-json\/wp\/v2\/posts\/8260\/revisions"}],"predecessor-version":[{"id":8263,"href":"https:\/\/www.actualidadadiario.com\/index.php\/wp-json\/wp\/v2\/posts\/8260\/revisions\/8263"}],"wp:featuredmedia":[{"embeddable":true,"href":"https:\/\/www.actualidadadiario.com\/index.php\/wp-json\/wp\/v2\/media\/8262"}],"wp:attachment":[{"href":"https:\/\/www.actualidadadiario.com\/index.php\/wp-json\/wp\/v2\/media?parent=8260"}],"wp:term":[{"taxonomy":"category","embeddable":true,"href":"https:\/\/www.actualidadadiario.com\/index.php\/wp-json\/wp\/v2\/categories?post=8260"},{"taxonomy":"post_tag","embeddable":true,"href":"https:\/\/www.actualidadadiario.com\/index.php\/wp-json\/wp\/v2\/tags?post=8260"}],"curies":[{"name":"wp","href":"https:\/\/api.w.org\/{rel}","templated":true}]}}