{"id":82598,"date":"2022-02-17T14:01:30","date_gmt":"2022-02-17T17:01:30","guid":{"rendered":"https:\/\/www.actualidadadiario.com\/?p=82598"},"modified":"2022-02-17T14:01:30","modified_gmt":"2022-02-17T17:01:30","slug":"el-presidente-reivindico-la-necesidad-de-examinar-todas-las-opciones-en-un-mundo-multipolar","status":"publish","type":"post","link":"https:\/\/www.actualidadadiario.com\/index.php\/2022\/02\/17\/el-presidente-reivindico-la-necesidad-de-examinar-todas-las-opciones-en-un-mundo-multipolar\/","title":{"rendered":"El Presidente reivindic\u00f3 la necesidad de examinar todas las opciones &#8220;en un mundo multipolar&#8221;"},"content":{"rendered":"<p style=\"text-align: center;\"><em><strong>\u201cLa complejidad de este mundo multipolar exige di\u00e1logo y articulaci\u00f3n con todos, ya que el objetivo es la paz y mantener al pa\u00eds alejado de todo conflicto\u201d, afirm\u00f3 el jefe de Estado en una entrevista que concedi\u00f3 a la agencia de noticias rusa Sputnik<\/strong><\/em><\/p>\n<p>&nbsp;<\/p>\n<p>&nbsp;<\/p>\n<p>El presidente Alberto Fern\u00e1ndez destac\u00f3 \u201cel derecho y la necesidad&#8221; que tiene la Argentina de \u201cexaminar todas las opciones a su alcance en un mundo multipolar\u201d, y se mostr\u00f3 partidario de fortalecer la integraci\u00f3n regional a trav\u00e9s del Mercosur y la Comunidad de Estados Latinoamericanos y Caribe\u00f1os (Celac).<\/p>\n<p>&#8220;La Argentina tiene el derecho y la necesidad, en un mundo multipolar, de explorar todas las posibilidades que nos permitan crecer y superar esta crisis&#8221;, afirm\u00f3 Alberto Fern\u00e1ndez en una entrevista que concedi\u00f3 a la agencia de noticias rusa Sputnik<\/p>\n<p>El jefe de Estado se refiri\u00f3 adem\u00e1s a su reciente gira por la Federaci\u00f3n Rusa, China y Barbados, al destacar que &#8220;fue un viaje muy importante porque en este mundo, con una pandemia de coronavirus que a\u00fan sigue azotando a la humanidad toda, los encuentros presenciales entre presidentes son excepcionales e inusuales&#8221;<\/p>\n<p>En relaci\u00f3n a las reuniones que mantuvo en Mosc\u00fa con Vladimir Putin y en Beijing con Xi Jinping, el mandatario consider\u00f3 &#8220;oportuno aceptar las invitaciones de l\u00edderes mundiales no s\u00f3lo para intercambiar visiones de c\u00f3mo superar este momento cr\u00edtico que vive el mundo sino, adem\u00e1s, para acordar l\u00edneas de trabajo que traigan inversiones y desarrollo para los argentinos&#8221;.<\/p>\n<p>En otro orden, Fern\u00e1ndez indic\u00f3 que la Argentina espera fortalecer las relaciones regionales a trav\u00e9s de organismos como el Mercosur y la Celac, cuya presidencia pro t\u00e9mpore ejerce este a\u00f1o el pa\u00eds.<\/p>\n<p>&#8220;La Argentina es un actor que trabaja para la integraci\u00f3n regional, con el Mercosur y la Celac&#8221;, indic\u00f3, y agreg\u00f3 que el Gobierno tiene \u201ccomo objetivo posicionar a la Argentina en distintos niveles que no se contraponen sino que son complementarios&#8221;.<\/p>\n<p>\u201cLa complejidad de este mundo multipolar exige di\u00e1logo y articulaci\u00f3n con todos, ya que el objetivo es la paz y mantener al pa\u00eds alejado de todo conflicto\u201d, afirm\u00f3 el jefe de Estado.<\/p>\n<p>Asimismo, se\u00f1al\u00f3 que la Argentina es tambi\u00e9n &#8220;un Estado que busca aprovechar toda oportunidad que nos permita salir de la crisis de la deuda y poder crecer\u201d.<\/p>\n<p>&#8220;La pol\u00edtica exterior se legitima s\u00f3lo si busca mejorar la vida de los argentinos&#8221;, subray\u00f3 Fern\u00e1ndez.<\/p>\n<p>Al referirse a las relaciones econ\u00f3micas entre la Argentina y Rusia, enmarcadas en la asociaci\u00f3n estrat\u00e9gica firmada por ambos pa\u00edses en 2015, afirm\u00f3 que \u201cla visita de la delegaci\u00f3n de empresarios rusos a la Argentina en diciembre fue muy importante\u201d.<\/p>\n<p>&#8220;Muchas empresas con inversiones en la Argentina tienen la intenci\u00f3n de incrementarlas, y otras est\u00e1n analizando instalarse e invertir en el pa\u00eds&#8221;, indic\u00f3 el Presidente.<\/p>\n<p>Fern\u00e1ndez destac\u00f3 que algunos de los empresarios que visitaron Buenos Aires eran &#8220;representantes de bancos y empresas de los sectores de energ\u00eda renovable, infraestructura y ferroviarias&#8221;.<\/p>\n<p>El jefe de Estado confirm\u00f3 que, en su encuentro con Vladimir Putin, coincidieron en la &#8220;necesidad de consolidar esta corriente de inversiones&#8221;.<\/p>\n<p>&#8220;Tomamos la decisi\u00f3n de reimpulsar la relaci\u00f3n bilateral transitando, principalmente, ese camino. Es clave la transferencia de tecnolog\u00eda para agregar valor a nuestras exportaciones\u201d, subray\u00f3 Fern\u00e1ndez.<\/p>\n","protected":false},"excerpt":{"rendered":"<p>\u201cLa complejidad de este mundo multipolar exige di\u00e1logo y articulaci\u00f3n con todos, ya que el objetivo es la paz y mantener al pa\u00eds alejado de todo conflicto\u201d, afirm\u00f3 el jefe de Estado en una entrevista que concedi\u00f3 a la agencia de noticias rusa Sputnik &nbsp; &nbsp; El presidente Alberto Fern\u00e1ndez destac\u00f3 \u201cel derecho y la necesidad&#8221; que tiene la Argentina de \u201cexaminar todas las opciones a su alcance en un mundo multipolar\u201d, y se mostr\u00f3 partidario de fortalecer la integraci\u00f3n regional a trav\u00e9s del Mercosur y la Comunidad de Estados&#8230;<\/p>\n","protected":false},"author":3,"featured_media":82599,"comment_status":"closed","ping_status":"closed","sticky":false,"template":"","format":"standard","meta":[],"categories":[9],"tags":[],"_links":{"self":[{"href":"https:\/\/www.actualidadadiario.com\/index.php\/wp-json\/wp\/v2\/posts\/82598"}],"collection":[{"href":"https:\/\/www.actualidadadiario.com\/index.php\/wp-json\/wp\/v2\/posts"}],"about":[{"href":"https:\/\/www.actualidadadiario.com\/index.php\/wp-json\/wp\/v2\/types\/post"}],"author":[{"embeddable":true,"href":"https:\/\/www.actualidadadiario.com\/index.php\/wp-json\/wp\/v2\/users\/3"}],"replies":[{"embeddable":true,"href":"https:\/\/www.actualidadadiario.com\/index.php\/wp-json\/wp\/v2\/comments?post=82598"}],"version-history":[{"count":1,"href":"https:\/\/www.actualidadadiario.com\/index.php\/wp-json\/wp\/v2\/posts\/82598\/revisions"}],"predecessor-version":[{"id":82600,"href":"https:\/\/www.actualidadadiario.com\/index.php\/wp-json\/wp\/v2\/posts\/82598\/revisions\/82600"}],"wp:featuredmedia":[{"embeddable":true,"href":"https:\/\/www.actualidadadiario.com\/index.php\/wp-json\/wp\/v2\/media\/82599"}],"wp:attachment":[{"href":"https:\/\/www.actualidadadiario.com\/index.php\/wp-json\/wp\/v2\/media?parent=82598"}],"wp:term":[{"taxonomy":"category","embeddable":true,"href":"https:\/\/www.actualidadadiario.com\/index.php\/wp-json\/wp\/v2\/categories?post=82598"},{"taxonomy":"post_tag","embeddable":true,"href":"https:\/\/www.actualidadadiario.com\/index.php\/wp-json\/wp\/v2\/tags?post=82598"}],"curies":[{"name":"wp","href":"https:\/\/api.w.org\/{rel}","templated":true}]}}