{"id":82581,"date":"2022-02-17T13:56:34","date_gmt":"2022-02-17T16:56:34","guid":{"rendered":"https:\/\/www.actualidadadiario.com\/?p=82581"},"modified":"2022-02-17T13:56:34","modified_gmt":"2022-02-17T16:56:34","slug":"inicio-de-clases-como-quedo-el-protocolo-covid-para-primaria-secundaria-y-universidad","status":"publish","type":"post","link":"https:\/\/www.actualidadadiario.com\/index.php\/2022\/02\/17\/inicio-de-clases-como-quedo-el-protocolo-covid-para-primaria-secundaria-y-universidad\/","title":{"rendered":"Inicio de clases: c\u00f3mo qued\u00f3 el protocolo covid para primaria, secundaria y universidad"},"content":{"rendered":"<p style=\"text-align: center;\"><em><strong>Las provincias que pedir\u00e1n vacunaci\u00f3n obligatoria en las escuelas para el comienzo del ciclo lectivo 2022. Qu\u00e9 universidades exigen el pase sanitario. Los protocolos de Aula Segura. \u00bfCu\u00e1ndo comienzan las clases?<\/strong><\/em><\/p>\n<p>&nbsp;<\/p>\n<p>&nbsp;<\/p>\n<p>Quedan pocos d\u00edas para el comienzo del ciclo lectivo 2022, tanto de los niveles primario y secundario como del universitario. A pesar de la disminuci\u00f3n de los casos de covid, la pandemia sigue siendo una preocupaci\u00f3n. De todas maneras, comparados con el a\u00f1o 2021, los protocolos en los establecimientos educativos se han flexibilizado en todos los niveles, como ha ocurrido en el resto de la sociedad. El enorme porcentaje de gente vacunada y una mayor disponibilidad de informaci\u00f3n acerca del coronavirus son en gran parte las explicaciones para relajar las restricciones.<\/p>\n<p>&nbsp;<\/p>\n<p><strong>\u00bfCu\u00e1ndo comienzan las clases en primaria y secundaria?<\/strong><\/p>\n<p>En casi todo el pa\u00eds los chicos y las chicas volver\u00e1n a las escuelas primarias y secundarias el 2 de marzo. Las excepciones son las provincias de Mendoza y Corrientes y la Ciudad de Buenos Aires: las primeras 2 iniciar\u00e1n su ciclo lectivo el 21 de febrero, mientras que CABA lo har\u00e1 el 14 del mismo mes.<\/p>\n<p>&nbsp;<\/p>\n<p><strong>Pase sanitario en los colegios<\/strong><\/p>\n<p>Si bien desde Naci\u00f3n no incluyeron dentro de los protocolos el pase sanitario, hay 2 provincias que pedir\u00e1n la vacunaci\u00f3n completa para el inicio de clases: Santa Cruz y Formosa.<\/p>\n<p>&nbsp;<\/p>\n<p><strong>C\u00f3mo es protocolo de Aula Segura<\/strong><\/p>\n<ul>\n<li>La escuela deber\u00e1 recabar la informaci\u00f3n sobre la vacunaci\u00f3n contra COVID-19 de toda la comunidad educativa, as\u00ed como la del calendario nacional.<\/li>\n<li>Se eliminan las burbujas.<\/li>\n<li>Asistencia cuidada: ante la presencia de s\u00edntomas o malestar general-asociado o no a COVID-19-, el personal y los alumnos no deben acudir a la escuela y deben permanecer en aislamiento siguiendo los criterios vigentes. Se recomienda que realicen la consulta m\u00e9dica correspondiente.<\/li>\n<li>Si los s\u00edntomas no son compatibles con COVID-19, luego de 24 horas sin ellos puede volver a la escuela.<\/li>\n<li>Ante la presencia de casos de COVID-19 se debe cumplir el aislamiento previsto de los mismos, as\u00ed como de las medidas ante contactos estrechos seg\u00fan condici\u00f3n de vacunaci\u00f3n.<\/li>\n<li>La sospecha y confirmaci\u00f3n de casos NO implica necesariamente el cierre del aula ni la interrupci\u00f3n de las clases presenciales.<\/li>\n<li>Uso de barbijo a partir del nivel primario: debe tapar nariz, boca y ment\u00f3n, bien ajustado a la cara y durante toda la jornada educativa en espacios cerrados.<\/li>\n<li>La ventilaci\u00f3n debe ser cruzada y constante.<\/li>\n<li>Higienizar y limpiar regularmente los ambientes y mantener una adecuada higiene de manos.<\/li>\n<li>Priorizar la distancia en los momentos en que no se utilice barbijo.<\/li>\n<li>Se sospechar\u00e1 de un brote de COVID-19 en el aula en presencia de al menos 3 casos confirmados entre alumnos\/as de un mismo aula -o alumnos y docente, para el caso de docentes permanentes- asociados epidemiol\u00f3gicamente, en un periodo igual o inferior a 7 d\u00edas.<\/li>\n<li>Se promover\u00e1 el estudio etiol\u00f3gico de los brotes (confirmar los primeros casos con pruebas de laboratorio y los casos asociados por nexo epidemiol\u00f3gico) para identificar el riesgo de transmisi\u00f3n.<\/li>\n<li>En ese caso se notificar\u00e1 a los familiares de los estudiantes y al personal relacionado al aula.<\/li>\n<li>Frente a sospechas de brotes, la autoridad sanitaria realizar\u00e1 la evaluaci\u00f3n de riesgo pertinente y se encargar\u00e1 de definir junto a las autoridades educativas las medidas a adoptar.<\/li>\n<\/ul>\n<p>&nbsp;<\/p>\n<p><strong>\u00bfCu\u00e1ndo comienzan las clases en las universidades nacionales?<\/strong><\/p>\n<p>Seg\u00fan el calendario acad\u00e9mico, en la Universidad de Buenos Aires (UBA) el primer cuatrimestre comienza el lunes 21 de marzo. El 14 de febrero hubo ex\u00e1menes especiales.<\/p>\n<p>La Universidad Nacional de Tres de Febrero (UNTREF) iniciar\u00e1 el primer cuatrimestre el 14 de marzo, mientras que el 2 de marzo arrancar\u00e1 el curso de ingreso.<\/p>\n<p>En la Universidad Nacional de San Mart\u00edn (UNSAM) el Curso de Preparaci\u00f3n Universitaria (CPU) comenzar\u00e1 en dos turnos, febrero y marzo; mientras que el primer cuatrimestre arrancar\u00e1 el 14\/03\/2022 para estudiantes reinscriptos y entre 21\/3 y el 04\/04 para los ingresantes de CPU corto, que responde al trayecto inicial para todas las carreras de grado completas de la universidad.<\/p>\n<p>La Universidad Nacional de La Plata (UNLP) iniciar\u00e1 sus clases el 2 de marzo para los estudiantes de primer a\u00f1o. Los alumnos de 2\u00ba a 5\u00ba a\u00f1o comenzar\u00e1n a cursar el 14\/3.<\/p>\n<p>La Universidad Nacional de Quilmes (UNQ) tendr\u00e1 el comienzo del cursado el 28 de marzo.<\/p>\n<p>En tanto, la Universidad Tecnol\u00f3gica Nacional (UTN) dar\u00e1 inicio a la cursada el 14 de marzo de 2022.<\/p>\n<p>&nbsp;<\/p>\n<p><strong>Protocolos y pase sanitario en universidades<\/strong><\/p>\n<p>Hasta el momento, 6 universidades argentinas confirmaron que van a pedir esquema de vacunaci\u00f3n completo para volver a las clases. La primera en anunciarlo fue la Universidad Nacional de Salta (UNSA) y se le sumaron la Universidad de La Matanza (UNLaM), la Universidad Tecnol\u00f3gica Nacional (UTN), la Universidad Nacional de Rosario (UNR), la Universidad Nacional de Formosa (UNaF) y la Universidad de La Plata (UNLP).<\/p>\n<p>Por el contrario, la Universidad Nacional de C\u00f3rdoba (UNC) inform\u00f3 que no va a pedir el pase sanitario para los estudiantes ni para quienes trabajan en las casas de estudio superior. La determinaci\u00f3n fue acordada en conjunto con los sindicatos docentes y la Federaci\u00f3n Universitaria de C\u00f3rdoba.<\/p>\n<p>En tanto, la Universidad Nacional de Cuyo (UNCUYO) en Mendoza, la Universidad Nacional de San Mart\u00edn (UNSAM) y la Universidad Nacional del Comahue (UNCo), en Neuqu\u00e9n, tienen planeado evaluar la situaci\u00f3n y comunicar sus determinaciones durante febrero.<\/p>\n<p>Finalmente, la Universidad de Buenos Aires (UBA) tampoco tiene definido si pedir\u00e1 certificados de vacunaci\u00f3n.<\/p>\n<p>En cuanto a los protocolos, el ministro de Educaci\u00f3n Jaime Perczyk asegur\u00f3 recientemente que se mantendr\u00e1 el requerimiento del uso del barbijo y la distancia social.<\/p>\n","protected":false},"excerpt":{"rendered":"<p>Las provincias que pedir\u00e1n vacunaci\u00f3n obligatoria en las escuelas para el comienzo del ciclo lectivo 2022. Qu\u00e9 universidades exigen el pase sanitario. Los protocolos de Aula Segura. \u00bfCu\u00e1ndo comienzan las clases? &nbsp; &nbsp; Quedan pocos d\u00edas para el comienzo del ciclo lectivo 2022, tanto de los niveles primario y secundario como del universitario. A pesar de la disminuci\u00f3n de los casos de covid, la pandemia sigue siendo una preocupaci\u00f3n. De todas maneras, comparados con el a\u00f1o 2021, los protocolos en los establecimientos educativos se han flexibilizado en todos los niveles,&#8230;<\/p>\n","protected":false},"author":3,"featured_media":82582,"comment_status":"closed","ping_status":"closed","sticky":false,"template":"","format":"standard","meta":[],"categories":[2],"tags":[],"_links":{"self":[{"href":"https:\/\/www.actualidadadiario.com\/index.php\/wp-json\/wp\/v2\/posts\/82581"}],"collection":[{"href":"https:\/\/www.actualidadadiario.com\/index.php\/wp-json\/wp\/v2\/posts"}],"about":[{"href":"https:\/\/www.actualidadadiario.com\/index.php\/wp-json\/wp\/v2\/types\/post"}],"author":[{"embeddable":true,"href":"https:\/\/www.actualidadadiario.com\/index.php\/wp-json\/wp\/v2\/users\/3"}],"replies":[{"embeddable":true,"href":"https:\/\/www.actualidadadiario.com\/index.php\/wp-json\/wp\/v2\/comments?post=82581"}],"version-history":[{"count":1,"href":"https:\/\/www.actualidadadiario.com\/index.php\/wp-json\/wp\/v2\/posts\/82581\/revisions"}],"predecessor-version":[{"id":82583,"href":"https:\/\/www.actualidadadiario.com\/index.php\/wp-json\/wp\/v2\/posts\/82581\/revisions\/82583"}],"wp:featuredmedia":[{"embeddable":true,"href":"https:\/\/www.actualidadadiario.com\/index.php\/wp-json\/wp\/v2\/media\/82582"}],"wp:attachment":[{"href":"https:\/\/www.actualidadadiario.com\/index.php\/wp-json\/wp\/v2\/media?parent=82581"}],"wp:term":[{"taxonomy":"category","embeddable":true,"href":"https:\/\/www.actualidadadiario.com\/index.php\/wp-json\/wp\/v2\/categories?post=82581"},{"taxonomy":"post_tag","embeddable":true,"href":"https:\/\/www.actualidadadiario.com\/index.php\/wp-json\/wp\/v2\/tags?post=82581"}],"curies":[{"name":"wp","href":"https:\/\/api.w.org\/{rel}","templated":true}]}}