{"id":82566,"date":"2022-02-16T15:43:31","date_gmt":"2022-02-16T18:43:31","guid":{"rendered":"https:\/\/www.actualidadadiario.com\/?p=82566"},"modified":"2022-02-16T15:43:31","modified_gmt":"2022-02-16T18:43:31","slug":"jair-bolsonaro-se-reunio-con-vladimir-putin","status":"publish","type":"post","link":"https:\/\/www.actualidadadiario.com\/index.php\/2022\/02\/16\/jair-bolsonaro-se-reunio-con-vladimir-putin\/","title":{"rendered":"Jair Bolsonaro se reuni\u00f3 con Vladimir Putin"},"content":{"rendered":"<p style=\"text-align: center;\"><em><strong>El presidente brasile\u00f1o, de visita en el Kremlin, no hizo ninguna menci\u00f3n directa a la crisis Ucrania<\/strong><\/em><\/p>\n<p>&nbsp;<\/p>\n<p>&nbsp;<\/p>\n<p>Este mi\u00e9rcoles, el presidente de Brasil, Jair Bolsonaro, afirm\u00f3 que su gobierno es \u00absolidario con Rusia\u00bb al ser recibido en el Kremlin por su par ruso, Vladimir Putin, en el marco de una gira en la cual el ultraderechista particip\u00f3 de la ofrenda floral a los soldados comunistas que derrotaron al nazismo en la Segunda Guerra Mundial.<\/p>\n<p>\u00abEstoy muy feliz y honrado por esta invitaci\u00f3n, somos solidarios con Rusia, queremos colaborar en muchas \u00e1reas como defensa, petr\u00f3leo y gas, agricultura\u00bb, expres\u00f3 Bolsonaro en su mensaje protocolar antes de iniciar la reuni\u00f3n de trabajo con su colega ruso.<\/p>\n<p>La visita hab\u00eda sido cuestionada por el Departamento de Estado norteamericano, que presion\u00f3 para que no ocurriera, sobre todo en momentos de tensiones entre Rusia, Ucrania y Estados Unidos. El presidente brasile\u00f1o, de visita en el Kremlin, no hizo ninguna menci\u00f3n directa a la crisis Ucrania.<\/p>\n<p>En Brasil la visita es vista como una posibilidad de salir del aislamiento mundial de la figura de Bolsonaro, de cara a la b\u00fasqueda de la reelecci\u00f3n en los comicios del 2 de octubre. Putin, por su parte, destac\u00f3 la cooperaci\u00f3n entre Brasil y Rusia y destac\u00f3 que el pa\u00eds gobernado por Bolsonaro es el principal socio comercial en Am\u00e9rica Latina.<\/p>\n<p>La diplomacia brasile\u00f1a hab\u00eda advertido que no iba a poner en la agenda bilateral la crisis de Ucrania. Bolsonaro est\u00e1 acompa\u00f1ado en la primera l\u00ednea de las reuniones por el canciller Carlos Fran\u00e7a y su ministro de Defensa, el general retirado Walter Braga Netto, considerado un posible compa\u00f1ero de f\u00f3rmula para las elecciones de octubre.<\/p>\n<p>\u00abLos dos jefes de Estado expresaron su preocupaci\u00f3n por el crecimiento de la inestabilidad en varias partes del mundo, comparten la opini\u00f3n sobre la necesidad de resolver los conflictos por medios pac\u00edficos y diplom\u00e1ticos de conformidad con las normas del derecho internacional, incluida la Carta de la ONU\u00bb, dice un comunicado del Kremlin.<\/p>\n<p>Adem\u00e1s, expresaron en una declaraci\u00f3n conjunta en Mosc\u00fa su solidaridad a los pa\u00edses que procuran la paz. \u00abCompartimos valores comunes, como la creencia en Dios y la defensa de la familia; tambi\u00e9n somos solidarios con todos aquellos pa\u00edses que quieren y se esfuerzan por la paz\u00bb, se\u00f1ala la declaraci\u00f3n.<\/p>\n<p>Bolsonaro tiene previsto visitar la c\u00e1mara baja del parlamento, la Duma, y participar de un encuentro empresarial binacional, antes de partir hacia Budapest, para reunirse con su aliado principal en Europa, el primer ministro h\u00fangaro Viktor Orban, tambi\u00e9n alineado con la ultraderecha.<\/p>\n","protected":false},"excerpt":{"rendered":"<p>El presidente brasile\u00f1o, de visita en el Kremlin, no hizo ninguna menci\u00f3n directa a la crisis Ucrania &nbsp; &nbsp; Este mi\u00e9rcoles, el presidente de Brasil, Jair Bolsonaro, afirm\u00f3 que su gobierno es \u00absolidario con Rusia\u00bb al ser recibido en el Kremlin por su par ruso, Vladimir Putin, en el marco de una gira en la cual el ultraderechista particip\u00f3 de la ofrenda floral a los soldados comunistas que derrotaron al nazismo en la Segunda Guerra Mundial. \u00abEstoy muy feliz y honrado por esta invitaci\u00f3n, somos solidarios con Rusia, queremos colaborar&#8230;<\/p>\n","protected":false},"author":3,"featured_media":82567,"comment_status":"closed","ping_status":"closed","sticky":false,"template":"","format":"standard","meta":[],"categories":[4],"tags":[],"_links":{"self":[{"href":"https:\/\/www.actualidadadiario.com\/index.php\/wp-json\/wp\/v2\/posts\/82566"}],"collection":[{"href":"https:\/\/www.actualidadadiario.com\/index.php\/wp-json\/wp\/v2\/posts"}],"about":[{"href":"https:\/\/www.actualidadadiario.com\/index.php\/wp-json\/wp\/v2\/types\/post"}],"author":[{"embeddable":true,"href":"https:\/\/www.actualidadadiario.com\/index.php\/wp-json\/wp\/v2\/users\/3"}],"replies":[{"embeddable":true,"href":"https:\/\/www.actualidadadiario.com\/index.php\/wp-json\/wp\/v2\/comments?post=82566"}],"version-history":[{"count":1,"href":"https:\/\/www.actualidadadiario.com\/index.php\/wp-json\/wp\/v2\/posts\/82566\/revisions"}],"predecessor-version":[{"id":82568,"href":"https:\/\/www.actualidadadiario.com\/index.php\/wp-json\/wp\/v2\/posts\/82566\/revisions\/82568"}],"wp:featuredmedia":[{"embeddable":true,"href":"https:\/\/www.actualidadadiario.com\/index.php\/wp-json\/wp\/v2\/media\/82567"}],"wp:attachment":[{"href":"https:\/\/www.actualidadadiario.com\/index.php\/wp-json\/wp\/v2\/media?parent=82566"}],"wp:term":[{"taxonomy":"category","embeddable":true,"href":"https:\/\/www.actualidadadiario.com\/index.php\/wp-json\/wp\/v2\/categories?post=82566"},{"taxonomy":"post_tag","embeddable":true,"href":"https:\/\/www.actualidadadiario.com\/index.php\/wp-json\/wp\/v2\/tags?post=82566"}],"curies":[{"name":"wp","href":"https:\/\/api.w.org\/{rel}","templated":true}]}}