{"id":82560,"date":"2022-02-16T15:42:10","date_gmt":"2022-02-16T18:42:10","guid":{"rendered":"https:\/\/www.actualidadadiario.com\/?p=82560"},"modified":"2022-02-16T15:42:10","modified_gmt":"2022-02-16T18:42:10","slug":"rusia-anuncia-retiro-de-mas-tropas-de-frontera-con-ucrania","status":"publish","type":"post","link":"https:\/\/www.actualidadadiario.com\/index.php\/2022\/02\/16\/rusia-anuncia-retiro-de-mas-tropas-de-frontera-con-ucrania\/","title":{"rendered":"Rusia anuncia retiro de m\u00e1s tropas de frontera con Ucrania"},"content":{"rendered":"<p style=\"text-align: center;\"><em><strong>A pesar del anuncio, la OTAN insiste en que no ve se\u00f1ales de esa reducci\u00f3n y Estados Unidos mantiene la presi\u00f3n sobre Mosc\u00fa ante el riesgo de un ataque a la ex rep\u00fablica sovi\u00e9tica<\/strong><\/em><\/p>\n<p>&nbsp;<\/p>\n<p>&nbsp;<\/p>\n<p>&nbsp;<\/p>\n<p>Rusia anunci\u00f3 que retirar\u00e1 m\u00e1s tropas de la frontera con Ucrania, pero la OTAN insiste en que no ve se\u00f1ales de esa reducci\u00f3n, por lo que el presidente de Estados Unidos, Joe Biden, mantiene la presi\u00f3n sobre Mosc\u00fa ante el riesgo de un ataque a la exrep\u00fablica sovi\u00e9tica, algo que sigue considerando &#8220;una gran posibilidad&#8221;.<\/p>\n<p>De hacerse efectivo, el inicio de la retirada de fuerzas rusas concentradas desde hace varios meses en las fronteras ucranianas &#8220;ser\u00eda positivo&#8221;, afirm\u00f3 Biden en un breve discurso desde la Casa Blanca.<\/p>\n<p>&nbsp;<\/p>\n<p><strong>Rusia y Estados Unidos en Ucrania <\/strong><\/p>\n<p>Hoy, el Ministerio de Defensa de Rusia public\u00f3 un video que muestra un tren lleno de veh\u00edculos blindados movi\u00e9ndose a trav\u00e9s de un puente que se aleja de Crimea, la pen\u00ednsula del Mar Negro que Rusia anex\u00f3 a Ucrania en 2014.<\/p>\n<p>Ayer, el ministerio hab\u00eda informado el inicio de una retirada de tropas despu\u00e9s de ejercicios militares cerca de Ucrania.<\/p>\n<p>Sin embargo, el secretario general de la OTAN, Jens Stoltenberg, enfri\u00f3 cualquier expectativa en ese sentido al se\u00f1alar que la organizaci\u00f3n militar no ve ninguna se\u00f1al de que Mosc\u00fa est\u00e9 disminuyendo sus niveles de tropas en Ucrania y sus alrededores.<\/p>\n<p>Rusia concentr\u00f3 alrededor de 150.000 soldados -seg\u00fan estimaciones estadounidenses- al este, norte y sur de Ucrania, lo que gener\u00f3 preocupaciones occidentales de que estaba planeando un ataque.<\/p>\n<p>Mosc\u00fa niega tener tales planes y esta semana dijo que estaba retirando fuerzas y armas, sin proporcionar detalles al respecto.<\/p>\n<p>&nbsp;<\/p>\n<p><strong>Rusia en busca del territorio de Ucrania<\/strong><\/p>\n<p>Rusia insiste en defender su reclamo de seguridad nacional que gatill\u00f3 la movilizaci\u00f3n de tropas: que Ucrania no se convierta en miembro de la OTAN, la alianza militar dirigida por las potencias occidentales que naci\u00f3 al principio de la Guerra Fr\u00eda para contener la expansi\u00f3n del bloque sovi\u00e9tico.<\/p>\n<p>Ayer, el presidente ruso, Vladimir Putin, confirm\u00f3 la &#8220;retirada parcial de tropas&#8221;, al asegurar que &#8220;por supuesto&#8221; Rusia no quiere la guerra y que est\u00e1 dispuesto a buscar soluciones con los pa\u00edses occidentales.<\/p>\n<p>&#8220;Estamos listos para seguir trabajando juntos. Estamos listos para emprender el camino de las negociaciones&#8221;, expres\u00f3 Putin en una conferencia de prensa conjunta con el canciller alem\u00e1n, Olaf Scholz, tras una reuni\u00f3n en Mosc\u00fa.<\/p>\n<p>Scholz salud\u00f3 el anuncio de esta retirada parcial como &#8220;una buena se\u00f1al&#8221;, y consider\u00f3 que &#8220;hay suficientes bases de discusi\u00f3n&#8221; con Rusia &#8220;para que las cosas evolucionen positivamente&#8221;, inform\u00f3 la agencia de noticias AFP.<\/p>\n<p>&nbsp;<\/p>\n<p><strong>Cruces por Ucrania <\/strong><\/p>\n<p>El presidente franc\u00e9s, Emmanuel Macron, tambi\u00e9n calific\u00f3 esto de &#8220;primera se\u00f1al positiva&#8221;, durante una conversaci\u00f3n telef\u00f3nica con Biden, al tiempo que coincidi\u00f3 con el jefe de la Casa Blanca en la necesidad de &#8220;verificar&#8221; este inicio de retirada, seg\u00fan Par\u00eds.<\/p>\n<p>De su lado, el secretario de Estado de Estados Unidos, Antony Blinken, tambi\u00e9n pidi\u00f3 ayer a su hom\u00f3logo ruso, Sergu\u00e9i Lavrov, una &#8220;desescalada verificable, cre\u00edble y significativa&#8221;, durante una conversaci\u00f3n telef\u00f3nica.<\/p>\n<p>Rusia, que niega querer invadir Ucrania, deplora el rechazo de los pa\u00edses occidentales a sus principales demandas: el fin de la pol\u00edtica de ampliaci\u00f3n de la Alianza, el compromiso de no desplegar ofensivas armament\u00edsticas cerca del territorio ruso y la retirada de la infraestructura de la OTAN de Europa del Este.<\/p>\n<p>Desde la ca\u00edda de la URSS, la OTAN se ampli\u00f3 por Europa del Este y los pa\u00edses b\u00e1lticos, todos antiguos miembros del bloque sovi\u00e9tico.<\/p>\n<p>Actualmente, solo tres pa\u00edses fronterizos con Rusia no se han unido: Finlandia, Ucrania y Bielorrusia.<\/p>\n","protected":false},"excerpt":{"rendered":"<p>A pesar del anuncio, la OTAN insiste en que no ve se\u00f1ales de esa reducci\u00f3n y Estados Unidos mantiene la presi\u00f3n sobre Mosc\u00fa ante el riesgo de un ataque a la ex rep\u00fablica sovi\u00e9tica &nbsp; &nbsp; &nbsp; Rusia anunci\u00f3 que retirar\u00e1 m\u00e1s tropas de la frontera con Ucrania, pero la OTAN insiste en que no ve se\u00f1ales de esa reducci\u00f3n, por lo que el presidente de Estados Unidos, Joe Biden, mantiene la presi\u00f3n sobre Mosc\u00fa ante el riesgo de un ataque a la exrep\u00fablica sovi\u00e9tica, algo que sigue considerando &#8220;una&#8230;<\/p>\n","protected":false},"author":3,"featured_media":82561,"comment_status":"closed","ping_status":"closed","sticky":false,"template":"","format":"standard","meta":[],"categories":[4],"tags":[],"_links":{"self":[{"href":"https:\/\/www.actualidadadiario.com\/index.php\/wp-json\/wp\/v2\/posts\/82560"}],"collection":[{"href":"https:\/\/www.actualidadadiario.com\/index.php\/wp-json\/wp\/v2\/posts"}],"about":[{"href":"https:\/\/www.actualidadadiario.com\/index.php\/wp-json\/wp\/v2\/types\/post"}],"author":[{"embeddable":true,"href":"https:\/\/www.actualidadadiario.com\/index.php\/wp-json\/wp\/v2\/users\/3"}],"replies":[{"embeddable":true,"href":"https:\/\/www.actualidadadiario.com\/index.php\/wp-json\/wp\/v2\/comments?post=82560"}],"version-history":[{"count":1,"href":"https:\/\/www.actualidadadiario.com\/index.php\/wp-json\/wp\/v2\/posts\/82560\/revisions"}],"predecessor-version":[{"id":82562,"href":"https:\/\/www.actualidadadiario.com\/index.php\/wp-json\/wp\/v2\/posts\/82560\/revisions\/82562"}],"wp:featuredmedia":[{"embeddable":true,"href":"https:\/\/www.actualidadadiario.com\/index.php\/wp-json\/wp\/v2\/media\/82561"}],"wp:attachment":[{"href":"https:\/\/www.actualidadadiario.com\/index.php\/wp-json\/wp\/v2\/media?parent=82560"}],"wp:term":[{"taxonomy":"category","embeddable":true,"href":"https:\/\/www.actualidadadiario.com\/index.php\/wp-json\/wp\/v2\/categories?post=82560"},{"taxonomy":"post_tag","embeddable":true,"href":"https:\/\/www.actualidadadiario.com\/index.php\/wp-json\/wp\/v2\/tags?post=82560"}],"curies":[{"name":"wp","href":"https:\/\/api.w.org\/{rel}","templated":true}]}}