{"id":82557,"date":"2022-02-16T15:41:24","date_gmt":"2022-02-16T18:41:24","guid":{"rendered":"https:\/\/www.actualidadadiario.com\/?p=82557"},"modified":"2022-02-16T15:41:24","modified_gmt":"2022-02-16T18:41:24","slug":"otro-pais-se-suma-a-la-jornada-laboral-reducida-en-belgica-trabajaran-cuatro-dias-a-la-semana","status":"publish","type":"post","link":"https:\/\/www.actualidadadiario.com\/index.php\/2022\/02\/16\/otro-pais-se-suma-a-la-jornada-laboral-reducida-en-belgica-trabajaran-cuatro-dias-a-la-semana\/","title":{"rendered":"Otro pa\u00eds se suma a la jornada laboral reducida: en B\u00e9lgica trabajar\u00e1n cuatro d\u00edas a la semana"},"content":{"rendered":"<p style=\"text-align: center;\"><em><strong>El acuerdo tambi\u00e9n introduce el derecho a la desconexi\u00f3n despu\u00e9s del horario laboral para las empresas con m\u00e1s de 20 empleado<\/strong><\/em><\/p>\n<p>&nbsp;<\/p>\n<p>&nbsp;<\/p>\n<p>El Gobierno de B\u00e9lgica lleg\u00f3 a un nuevo acuerdo laboral y reducir\u00e1 la semana laboral a cuatro d\u00edas, aportando flexibilidad al mercado de trabajo. El primer ministro, Alexander De Croo, afirm\u00f3 que la pandemia de coronavirus ha obligado a la gente a trabajar de forma m\u00e1s flexible ya combinar su vida privada y laboral.<\/p>\n<p>\u00abEsto ha dado lugar a nuevas formas de trabajar\u00bb, explic\u00f3 el premier en una rueda de prensa. Los empleados que lo solicitan pueden trabajar hasta 10 horas diarias si los sindicatos est\u00e1n de acuerdo, en lugar de las ocho m\u00e1ximas actuales, para trabajar un d\u00eda menos a la semana por el mismo salario.<\/p>\n<p>Los belgas tambi\u00e9n podr\u00e1n trabajar m\u00e1s durante una semana y menos la siguiente, lo elegir\u00e1n que permitir\u00e1n a las personas gestionar mejor su vida laboral y privada, en caso de copaternidad, por ejemplo. El acuerdo tambi\u00e9n introduce el derecho a la desconexi\u00f3n despu\u00e9s del horario laboral para las empresas con m\u00e1s de 20 empleados.<\/p>\n<p>\u00abCreo que dar flexibilidad a los empleados es una gran idea, de hecho, as\u00ed puedes organizarte de forma diferente, quiz\u00e1s tener un fin de semana de tres d\u00edas, organizarte si tienes hijos, es m\u00e1s f\u00e1cil\u00bb, dijo a Reuters TV el m\u00fasico Amaury Massion, de 44 a\u00f1os.<\/p>\n<p>Establece nuevas normas para los llamados trabajadores de plataforma -personas empleadas por plataformas de internet como Uber-, incluyendo nuevos criterios para considerarlos empleados. B\u00e9lgica aspira a una tasa de empleo del 80% para 2030, frente al 71,4% de finales del a\u00f1o pasado.<\/p>\n","protected":false},"excerpt":{"rendered":"<p>El acuerdo tambi\u00e9n introduce el derecho a la desconexi\u00f3n despu\u00e9s del horario laboral para las empresas con m\u00e1s de 20 empleado &nbsp; &nbsp; El Gobierno de B\u00e9lgica lleg\u00f3 a un nuevo acuerdo laboral y reducir\u00e1 la semana laboral a cuatro d\u00edas, aportando flexibilidad al mercado de trabajo. El primer ministro, Alexander De Croo, afirm\u00f3 que la pandemia de coronavirus ha obligado a la gente a trabajar de forma m\u00e1s flexible ya combinar su vida privada y laboral. \u00abEsto ha dado lugar a nuevas formas de trabajar\u00bb, explic\u00f3 el premier en&#8230;<\/p>\n","protected":false},"author":3,"featured_media":82558,"comment_status":"closed","ping_status":"closed","sticky":false,"template":"","format":"standard","meta":[],"categories":[4],"tags":[],"_links":{"self":[{"href":"https:\/\/www.actualidadadiario.com\/index.php\/wp-json\/wp\/v2\/posts\/82557"}],"collection":[{"href":"https:\/\/www.actualidadadiario.com\/index.php\/wp-json\/wp\/v2\/posts"}],"about":[{"href":"https:\/\/www.actualidadadiario.com\/index.php\/wp-json\/wp\/v2\/types\/post"}],"author":[{"embeddable":true,"href":"https:\/\/www.actualidadadiario.com\/index.php\/wp-json\/wp\/v2\/users\/3"}],"replies":[{"embeddable":true,"href":"https:\/\/www.actualidadadiario.com\/index.php\/wp-json\/wp\/v2\/comments?post=82557"}],"version-history":[{"count":1,"href":"https:\/\/www.actualidadadiario.com\/index.php\/wp-json\/wp\/v2\/posts\/82557\/revisions"}],"predecessor-version":[{"id":82559,"href":"https:\/\/www.actualidadadiario.com\/index.php\/wp-json\/wp\/v2\/posts\/82557\/revisions\/82559"}],"wp:featuredmedia":[{"embeddable":true,"href":"https:\/\/www.actualidadadiario.com\/index.php\/wp-json\/wp\/v2\/media\/82558"}],"wp:attachment":[{"href":"https:\/\/www.actualidadadiario.com\/index.php\/wp-json\/wp\/v2\/media?parent=82557"}],"wp:term":[{"taxonomy":"category","embeddable":true,"href":"https:\/\/www.actualidadadiario.com\/index.php\/wp-json\/wp\/v2\/categories?post=82557"},{"taxonomy":"post_tag","embeddable":true,"href":"https:\/\/www.actualidadadiario.com\/index.php\/wp-json\/wp\/v2\/tags?post=82557"}],"curies":[{"name":"wp","href":"https:\/\/api.w.org\/{rel}","templated":true}]}}