{"id":82554,"date":"2022-02-16T13:58:59","date_gmt":"2022-02-16T16:58:59","guid":{"rendered":"https:\/\/www.actualidadadiario.com\/?p=82554"},"modified":"2022-02-16T13:58:59","modified_gmt":"2022-02-16T16:58:59","slug":"retorno-a-clases-no-habra-pase-sanitario-ni-sistema-de-burbujas","status":"publish","type":"post","link":"https:\/\/www.actualidadadiario.com\/index.php\/2022\/02\/16\/retorno-a-clases-no-habra-pase-sanitario-ni-sistema-de-burbujas\/","title":{"rendered":"Retorno a clases: No habr\u00e1 pase sanitario ni sistema de burbujas"},"content":{"rendered":"<p style=\"text-align: center;\"><em><strong>El presidente CGE, Mart\u00edn M\u00fcller, asegur\u00f3 que no se adoptar\u00e1n medidas discriminatorias hacia ni\u00f1os y adolescentes que no est\u00e9n vacunados y, por tanto, \u201cno habr\u00e1 ninguna limitante a los estudiantes para que concurran\u201d a las escuelas. No se aplicar\u00e1 el sistema de burbujas y s\u00f3lo deber\u00e1 aislarse quien presente s\u00edntomas de covid. El objetivo es \u201cque todos los ni\u00f1os est\u00e9n en el aula\u201d y \u201cque haya continuidad\u201d, afirm\u00f3<\/strong><\/em><\/p>\n<p>&nbsp;<\/p>\n<p>&nbsp;<\/p>\n<p>\u201cTenemos el optimismo, a pesar de la que pandemia contin\u00faa, de que ser\u00e1 un a\u00f1o con presencialidad plena y cuidada\u201d, subray\u00f3 el titular del Consejo General de Educaci\u00f3n (CGE). \u201cBuscamos que haya continuidad\u201d, asever\u00f3 y se\u00f1al\u00f3 que las medidas que se adoptaron para este 2022 \u201ctienen que ver con esa idea de que est\u00e9n todos en el aula y que no haya interrupciones\u201d.<\/p>\n<p>Por eso se suspende el sistema de burbujas que se aplic\u00f3 el a\u00f1o pasado. \u201cEsto quiere decir que si hay un estudiante o docente es sospechoso o est\u00e1 confirmado como caso de covid, esa persona deja de concurrir a la escuela. Pero el resto de quienes comparten el aula no tienen la obligaci\u00f3n de aislarse\u201d, explic\u00f3.<\/p>\n<p>Tambi\u00e9n descart\u00f3 que se adopten medidas espec\u00edficas para quienes no est\u00e9n vacunados. \u201cEn el Consejo Federal de Educaci\u00f3n se consensu\u00f3 que no haya ning\u00fan tipo de discriminaci\u00f3n a ni\u00f1os y adolescentes que no est\u00e9n vacunados. Apostamos al derecho a la educaci\u00f3n como un derecho esencial que debe ser cumplido\u201d, expuso. En el mismo sentido afirm\u00f3 que \u201cno va a haber ninguna limitante a los estudiantes para concurrir de la misma forma que lo hacen los alumnos que est\u00e9n vacunados\u201d. De todos modos, inst\u00f3 \u201ca las familias a que, por una cuesti\u00f3n de responsabilidad social, acompa\u00f1en la campa\u00f1a de vacunaci\u00f3n\u201d.<\/p>\n<p>En relaci\u00f3n a qu\u00e9 pasar\u00e1 con estudiantes que son contacto estrecho de un caso covid, el funcionario remarc\u00f3 que \u201cla l\u00f3gica no es del contacto estrecho sino de los s\u00edntomas\u201d, de modo que el contacto estrecho no tendr\u00e1 la necesidad de aislarse y s\u00f3lo deber\u00e1 hacerlo quien tiene s\u00edntomas de coronavirus.<\/p>\n<p>Muller destac\u00f3 que \u201cEntre R\u00edos est\u00e1 en muy buen porcentaje de vacunaci\u00f3n tanto de docentes como de los grupos etarios de escolaridad obligatoria, lo que da mucho respaldo para este inicio de clases\u201d. Igualmente asegur\u00f3 que se seguir\u00e1 insistiendo \u201ccon la adhesi\u00f3n al protocolo adoptado por resoluci\u00f3n del Consejo Federal, con medidas b\u00e1sicas como ventilaci\u00f3n constante, higiene de manos y uso de alcohol, uso de barbijo a partir de primer grado de la escuela primaria\u201d.<\/p>\n<p>Apunt\u00f3 que las mismas medidas se adoptar\u00e1n en los comedores. Respecto a los actos escolares y otras actividades, se\u00f1al\u00f3: \u201cVamos a tender que vayan volviendo a la normalidad previa a la pandemia, sosteniendo las l\u00f3gicas b\u00e1sicas de cuidado\u201d. Precis\u00f3 que si los actos son masivos, se ce\u00f1ir\u00e1n \u201ca la normativa vigente en la provincia para cualquier otro acto con mucha concurrencia de p\u00fablico\u201d.<\/p>\n<p>Tambi\u00e9n remarc\u00f3 que en los espacios abiertos dentro de las escuelas no ser\u00e1 obligatorio el uso de barbijos.<\/p>\n<p>&nbsp;<\/p>\n<p><strong>Aumento de partidas<\/strong><\/p>\n<p>M\u00fcller coment\u00f3 que \u201cel a\u00f1o pasado se hizo un aumento del 100% de las partidas habituales que se env\u00edan a las escuelas\u201d e inform\u00f3 que esta semana desde el CGE se est\u00e1 enviando alcohol a todas las departamentales de escuela, para que distribuyan entre los establecimientos educativos. Adem\u00e1s destac\u00f3 que \u201cdesde el Ministerio de Educaci\u00f3n de la Naci\u00f3n se viene invirtiendo en fondos equitativos para insumos covid, para cubrir la necesidad de limpieza e insumos de higiene\u201d. Seg\u00fan detallo, esas partidas se distribuyen en funci\u00f3n de la matr\u00edcula de cada escuela, por lo que \u201clas escuelas grandes reciben alrededor de 50 mil pesos cada una\u201d.<\/p>\n","protected":false},"excerpt":{"rendered":"<p>El presidente CGE, Mart\u00edn M\u00fcller, asegur\u00f3 que no se adoptar\u00e1n medidas discriminatorias hacia ni\u00f1os y adolescentes que no est\u00e9n vacunados y, por tanto, \u201cno habr\u00e1 ninguna limitante a los estudiantes para que concurran\u201d a las escuelas. No se aplicar\u00e1 el sistema de burbujas y s\u00f3lo deber\u00e1 aislarse quien presente s\u00edntomas de covid. El objetivo es \u201cque todos los ni\u00f1os est\u00e9n en el aula\u201d y \u201cque haya continuidad\u201d, afirm\u00f3 &nbsp; &nbsp; \u201cTenemos el optimismo, a pesar de la que pandemia contin\u00faa, de que ser\u00e1 un a\u00f1o con presencialidad plena y cuidada\u201d,&#8230;<\/p>\n","protected":false},"author":3,"featured_media":82555,"comment_status":"closed","ping_status":"closed","sticky":false,"template":"","format":"standard","meta":[],"categories":[9,15],"tags":[],"_links":{"self":[{"href":"https:\/\/www.actualidadadiario.com\/index.php\/wp-json\/wp\/v2\/posts\/82554"}],"collection":[{"href":"https:\/\/www.actualidadadiario.com\/index.php\/wp-json\/wp\/v2\/posts"}],"about":[{"href":"https:\/\/www.actualidadadiario.com\/index.php\/wp-json\/wp\/v2\/types\/post"}],"author":[{"embeddable":true,"href":"https:\/\/www.actualidadadiario.com\/index.php\/wp-json\/wp\/v2\/users\/3"}],"replies":[{"embeddable":true,"href":"https:\/\/www.actualidadadiario.com\/index.php\/wp-json\/wp\/v2\/comments?post=82554"}],"version-history":[{"count":1,"href":"https:\/\/www.actualidadadiario.com\/index.php\/wp-json\/wp\/v2\/posts\/82554\/revisions"}],"predecessor-version":[{"id":82556,"href":"https:\/\/www.actualidadadiario.com\/index.php\/wp-json\/wp\/v2\/posts\/82554\/revisions\/82556"}],"wp:featuredmedia":[{"embeddable":true,"href":"https:\/\/www.actualidadadiario.com\/index.php\/wp-json\/wp\/v2\/media\/82555"}],"wp:attachment":[{"href":"https:\/\/www.actualidadadiario.com\/index.php\/wp-json\/wp\/v2\/media?parent=82554"}],"wp:term":[{"taxonomy":"category","embeddable":true,"href":"https:\/\/www.actualidadadiario.com\/index.php\/wp-json\/wp\/v2\/categories?post=82554"},{"taxonomy":"post_tag","embeddable":true,"href":"https:\/\/www.actualidadadiario.com\/index.php\/wp-json\/wp\/v2\/tags?post=82554"}],"curies":[{"name":"wp","href":"https:\/\/api.w.org\/{rel}","templated":true}]}}