{"id":82552,"date":"2022-02-16T13:58:13","date_gmt":"2022-02-16T16:58:13","guid":{"rendered":"https:\/\/www.actualidadadiario.com\/?p=82552"},"modified":"2022-02-16T13:58:14","modified_gmt":"2022-02-16T16:58:14","slug":"salud-participa-de-una-investigacion-sobre-el-impacto-del-covid-19-en-las-personas-y-sus-consecuencias","status":"publish","type":"post","link":"https:\/\/www.actualidadadiario.com\/index.php\/2022\/02\/16\/salud-participa-de-una-investigacion-sobre-el-impacto-del-covid-19-en-las-personas-y-sus-consecuencias\/","title":{"rendered":"Salud participa de una investigaci\u00f3n sobre el impacto del Covid-19 en las personas y sus consecuencias"},"content":{"rendered":"<p style=\"text-align: center;\"><em><strong>La Direcci\u00f3n General de Epidemiolog\u00eda participa de una investigaci\u00f3n centrada en el impacto del Covid-19. De esta manera, un equipo realiza llamadas telef\u00f3nicas a personas que cursaron la enfermedad, quienes en caso de acceder responden encuestas y se les efect\u00faa una evaluaci\u00f3n del estado de salud<\/strong><\/em><\/p>\n<p>&nbsp;<\/p>\n<p>&nbsp;<\/p>\n<p>Un equipo de trabajo de la Direcci\u00f3n General de Epidemiolog\u00eda de la cartera sanitaria de Entre R\u00edos participa en el desarrollo del proyecto de investigaci\u00f3n \u201cImpacto del Covid-19: Incidencia y evaluaci\u00f3n de condici\u00f3n de salud, consecuencias respiratorias y en salud mental\u201d. Para ello, la poblaci\u00f3n sobre la cual se centra es en personas que tuvieron Covid-19, confirmados por laboratorio, y cursaron cuadros de neumon\u00eda.<\/p>\n<p>El estudio, adem\u00e1s, se basa en los diagn\u00f3sticos brindados por los hospitales San Mart\u00edn y De la Baxada Dra. Teresa Ratto de la ciudad de Paran\u00e1 y se realiza bajo la coordinaci\u00f3n general del Instituto Nacional de Enfermedades Respiratorias Emilio Coni (ANLIS) de Santa Fe, el cual posteriormente har\u00e1 la evaluaci\u00f3n de los casos en forma parcial (evaluaci\u00f3n de funci\u00f3n respiratoria y cuestionarios). Cabe destacar que tambi\u00e9n participan de dicha investigaci\u00f3n hospitales de las provincias de Santa Fe, Buenos Aires y C\u00f3rdoba.<\/p>\n<p>La concreci\u00f3n de este trabajo resulta de importancia para ampliar y profundizar los conocimientos sobre el Covid-19, una enfermedad multisist\u00e9mica que ha causado una morbilidad, mortalidad y trastornos sin precedentes en todo el mundo. Actualmente, existen a\u00fan aspectos poco conocidos sobre el comportamiento de la enfermedad y sus consecuencias. Por tal motivo, los resultados de esta investigaci\u00f3n permitir\u00e1n mejorar la capacidad de detecci\u00f3n, atenci\u00f3n y respuesta del sistema sanitario.<\/p>\n<p>Sobre la poblaci\u00f3n seleccionada para dicho estudio se realizar\u00e1, posteriormente, un seguimiento para la evaluaci\u00f3n post Covid a partir de la clasificaci\u00f3n de severidad de los casos. Esta instancia se prev\u00e9 desarrollar a partir de las cuatro semanas del alta de la enfermedad en su etapa aguda y se llevar\u00e1n adelante un conjunto de evaluaciones sobre la condici\u00f3n de salud general, mental y respiratoria.<\/p>\n<p>El conocimiento de las consecuencias de la enfermedad ser\u00e1 de gran importancia para establecer el impacto con posterioridad al episodio agudo y trazar una l\u00ednea sobre la afectaci\u00f3n que podr\u00eda producir la enfermedad, a largo plazo, en el recurso humano en salud. Conociendo esto, se podr\u00e1n tomar medidas para atender los casos y prever su impacto en los servicios de salud.<\/p>\n<p>Para avanzar con la investigaci\u00f3n, profesionales del Departamento de Prevenci\u00f3n y Control de Enfermedades Transmisibles dependiente de la Direcci\u00f3n General de Epidemiolog\u00eda est\u00e1n llevando a cabo llamadas telef\u00f3nicas con los pacientes que cursaron cuadros de Covid durante el 2021. All\u00ed se solicita el consentimiento para participar del estudio y, en caso de acceder, se procede a la realizaci\u00f3n de una serie de encuestas, coordinando una evaluaci\u00f3n presencial de su estado de salud.<\/p>\n<p>Cabe se\u00f1alar que si bien la mayor\u00eda de las personas que presentaron la patolog\u00eda mejora al cabo de unas semanas, algunas experimentan consecuencias posteriores. Estas comprenden una amplia gama de problemas de salud nuevos, recurrentes o en curso que pueden experimentar cuatro semanas o m\u00e1s despu\u00e9s de haberse infectado por primera vez y persistir hasta seis meses. Estas afecciones pueden tener diversos tipos y combinaciones de problemas de salud durante diferentes lapsos de tiempo.<\/p>\n","protected":false},"excerpt":{"rendered":"<p>La Direcci\u00f3n General de Epidemiolog\u00eda participa de una investigaci\u00f3n centrada en el impacto del Covid-19. De esta manera, un equipo realiza llamadas telef\u00f3nicas a personas que cursaron la enfermedad, quienes en caso de acceder responden encuestas y se les efect\u00faa una evaluaci\u00f3n del estado de salud &nbsp; &nbsp; Un equipo de trabajo de la Direcci\u00f3n General de Epidemiolog\u00eda de la cartera sanitaria de Entre R\u00edos participa en el desarrollo del proyecto de investigaci\u00f3n \u201cImpacto del Covid-19: Incidencia y evaluaci\u00f3n de condici\u00f3n de salud, consecuencias respiratorias y en salud mental\u201d. Para&#8230;<\/p>\n","protected":false},"author":3,"featured_media":56209,"comment_status":"closed","ping_status":"closed","sticky":false,"template":"","format":"standard","meta":[],"categories":[15],"tags":[],"_links":{"self":[{"href":"https:\/\/www.actualidadadiario.com\/index.php\/wp-json\/wp\/v2\/posts\/82552"}],"collection":[{"href":"https:\/\/www.actualidadadiario.com\/index.php\/wp-json\/wp\/v2\/posts"}],"about":[{"href":"https:\/\/www.actualidadadiario.com\/index.php\/wp-json\/wp\/v2\/types\/post"}],"author":[{"embeddable":true,"href":"https:\/\/www.actualidadadiario.com\/index.php\/wp-json\/wp\/v2\/users\/3"}],"replies":[{"embeddable":true,"href":"https:\/\/www.actualidadadiario.com\/index.php\/wp-json\/wp\/v2\/comments?post=82552"}],"version-history":[{"count":1,"href":"https:\/\/www.actualidadadiario.com\/index.php\/wp-json\/wp\/v2\/posts\/82552\/revisions"}],"predecessor-version":[{"id":82553,"href":"https:\/\/www.actualidadadiario.com\/index.php\/wp-json\/wp\/v2\/posts\/82552\/revisions\/82553"}],"wp:featuredmedia":[{"embeddable":true,"href":"https:\/\/www.actualidadadiario.com\/index.php\/wp-json\/wp\/v2\/media\/56209"}],"wp:attachment":[{"href":"https:\/\/www.actualidadadiario.com\/index.php\/wp-json\/wp\/v2\/media?parent=82552"}],"wp:term":[{"taxonomy":"category","embeddable":true,"href":"https:\/\/www.actualidadadiario.com\/index.php\/wp-json\/wp\/v2\/categories?post=82552"},{"taxonomy":"post_tag","embeddable":true,"href":"https:\/\/www.actualidadadiario.com\/index.php\/wp-json\/wp\/v2\/tags?post=82552"}],"curies":[{"name":"wp","href":"https:\/\/api.w.org\/{rel}","templated":true}]}}