{"id":82547,"date":"2022-02-16T13:56:46","date_gmt":"2022-02-16T16:56:46","guid":{"rendered":"https:\/\/www.actualidadadiario.com\/?p=82547"},"modified":"2022-02-16T13:56:46","modified_gmt":"2022-02-16T16:56:46","slug":"el-iosper-valoro-la-restitucion-gradual-del-05-del-aporte-patronal-de-los-activos","status":"publish","type":"post","link":"https:\/\/www.actualidadadiario.com\/index.php\/2022\/02\/16\/el-iosper-valoro-la-restitucion-gradual-del-05-del-aporte-patronal-de-los-activos\/","title":{"rendered":"El Iosper valor\u00f3 la restituci\u00f3n gradual del 0,5 del aporte patronal de los activos\u201d"},"content":{"rendered":"<p style=\"text-align: center;\"><em><strong>El presidente del Instituto de Obra Social de la Provincia de Entre R\u00edos (Iosper), Fernando Ca\u00f1ete, agradeci\u00f3 al gobernador Bordet el anuncio sobre la restituci\u00f3n gradual del 0,5% a la prestadora de salud. \u201cEsta\u00a0 La decisi\u00f3n nos permitir\u00e1 afianzar financieramente la econom\u00eda del Instituto y garantizar\u00e1\u00a0 los compromisos asumidos con los prestadores&#8221;<\/strong><\/em><\/p>\n<p>&nbsp;<\/p>\n<p>&nbsp;<\/p>\n<p>Ca\u00f1ete valor\u00f3 la decisi\u00f3n de Bordet de recuperar &#8220;de a poco esta inversi\u00f3n. Se trata de una demostraci\u00f3n del compromiso pol\u00edtico del Gobierno para con los trabajadores p\u00fablicos provinciales, para la Obra Social y tambi\u00e9n para los prestadores&#8221;.<\/p>\n<p>&#8220;Esta devoluci\u00f3n nos permitir\u00e1 reforzar financieramente los recursos y cumplir sin mayores inconvenientes con los prestadores&#8221;, reiter\u00f3.<\/p>\n<p>Para Ca\u00f1ete, se trata de \u201cun fuerte hecho pol\u00edtico del Bordet, por lo que el an\u00e1lisis es altamente positivo\u201d. El funcionario aclar\u00f3 que \u201cIosper est\u00e1 conducido por los sindicatos, y estos sindicatos venimos reclamando desde 1995 la posibilidad de este recupero, as\u00ed que honramos la palabra del Gobernador. Lo que se recibir\u00e1 nos permitir\u00e1, de a poco y en el transcurso del a\u00f1o, prever los compromisos con los prestadores\u201d. Sin embargo, aclar\u00f3 que \u201cla restituci\u00f3n de ese aporte no se usar\u00e1 para incrementos arancelarios, sino para equilibrar las cuentas\u201d.<\/p>\n","protected":false},"excerpt":{"rendered":"<p>El presidente del Instituto de Obra Social de la Provincia de Entre R\u00edos (Iosper), Fernando Ca\u00f1ete, agradeci\u00f3 al gobernador Bordet el anuncio sobre la restituci\u00f3n gradual del 0,5% a la prestadora de salud. \u201cEsta\u00a0 La decisi\u00f3n nos permitir\u00e1 afianzar financieramente la econom\u00eda del Instituto y garantizar\u00e1\u00a0 los compromisos asumidos con los prestadores&#8221; &nbsp; &nbsp; Ca\u00f1ete valor\u00f3 la decisi\u00f3n de Bordet de recuperar &#8220;de a poco esta inversi\u00f3n. Se trata de una demostraci\u00f3n del compromiso pol\u00edtico del Gobierno para con los trabajadores p\u00fablicos provinciales, para la Obra Social y tambi\u00e9n para&#8230;<\/p>\n","protected":false},"author":3,"featured_media":48799,"comment_status":"closed","ping_status":"closed","sticky":false,"template":"","format":"standard","meta":[],"categories":[15],"tags":[],"_links":{"self":[{"href":"https:\/\/www.actualidadadiario.com\/index.php\/wp-json\/wp\/v2\/posts\/82547"}],"collection":[{"href":"https:\/\/www.actualidadadiario.com\/index.php\/wp-json\/wp\/v2\/posts"}],"about":[{"href":"https:\/\/www.actualidadadiario.com\/index.php\/wp-json\/wp\/v2\/types\/post"}],"author":[{"embeddable":true,"href":"https:\/\/www.actualidadadiario.com\/index.php\/wp-json\/wp\/v2\/users\/3"}],"replies":[{"embeddable":true,"href":"https:\/\/www.actualidadadiario.com\/index.php\/wp-json\/wp\/v2\/comments?post=82547"}],"version-history":[{"count":1,"href":"https:\/\/www.actualidadadiario.com\/index.php\/wp-json\/wp\/v2\/posts\/82547\/revisions"}],"predecessor-version":[{"id":82548,"href":"https:\/\/www.actualidadadiario.com\/index.php\/wp-json\/wp\/v2\/posts\/82547\/revisions\/82548"}],"wp:featuredmedia":[{"embeddable":true,"href":"https:\/\/www.actualidadadiario.com\/index.php\/wp-json\/wp\/v2\/media\/48799"}],"wp:attachment":[{"href":"https:\/\/www.actualidadadiario.com\/index.php\/wp-json\/wp\/v2\/media?parent=82547"}],"wp:term":[{"taxonomy":"category","embeddable":true,"href":"https:\/\/www.actualidadadiario.com\/index.php\/wp-json\/wp\/v2\/categories?post=82547"},{"taxonomy":"post_tag","embeddable":true,"href":"https:\/\/www.actualidadadiario.com\/index.php\/wp-json\/wp\/v2\/tags?post=82547"}],"curies":[{"name":"wp","href":"https:\/\/api.w.org\/{rel}","templated":true}]}}