{"id":82542,"date":"2022-02-16T13:55:26","date_gmt":"2022-02-16T16:55:26","guid":{"rendered":"https:\/\/www.actualidadadiario.com\/?p=82542"},"modified":"2022-02-16T13:55:26","modified_gmt":"2022-02-16T16:55:26","slug":"representantes-de-la-justicia-la-produccion-y-de-la-politica-valoraron-el-mensaje-de-bordet","status":"publish","type":"post","link":"https:\/\/www.actualidadadiario.com\/index.php\/2022\/02\/16\/representantes-de-la-justicia-la-produccion-y-de-la-politica-valoraron-el-mensaje-de-bordet\/","title":{"rendered":"Representantes de la justicia, la producci\u00f3n y de la pol\u00edtica valoraron el mensaje de Bordet"},"content":{"rendered":"<p style=\"text-align: center;\"><em><strong>Desde el Superior Tribunal de Justicia, la Uni\u00f3n Industrial de Entre R\u00edos y legisladores de la oposici\u00f3n coincidieron en valorar el mensaje del gobernador Gustavo Bordet ante la Asamblea Legislativa. Destacaron la vocaci\u00f3n de di\u00e1logo, el desarrollo de la obra p\u00fablica y reformas institucionales<\/strong><\/em><\/p>\n<p>&nbsp;<\/p>\n<p>&nbsp;<\/p>\n<p>Luego de la ceremonia de inicio del 143\u00b0 periodo de sesiones ordinarias de la legislatura provincial, la presidenta del Superior Tribunal de Justicia de Entre R\u00edos, Susana Medina de Rizzo, subray\u00f3 el balance realizado por el mandatario y sostuvo que fue &#8220;muy interesante lo que plante\u00f3 respecto de la Reforma del C\u00f3digo Procesal Penal y crear la Oficina Anticorrupci\u00f3n&#8221;, puntualiz\u00f3.<\/p>\n<p>Tambi\u00e9n la diputada provincial de Cambiemos, Gracia Jaroslavsky, opin\u00f3 sobre el discurso del gobernador Bordet y sostuvo que &#8220;ha sido muy completa su exposici\u00f3n, ha dicho cosas muy interesantes&#8221;. &#8220;La provincia est\u00e1 saneada, lo que hace que el gobierno pueda prometer como ha prometido, que no va a aumentar los impuestos, lo cual es una gran cosa&#8221;, destac\u00f3.<\/p>\n<p>\u201cHa sido un mensaje muy interesante, componedor, al estilo Bordet planeando sobre el inter\u00e9s de consenso, lo cual me parece realmente importante, quedan dos a\u00f1os para trabajar&#8221;, valor\u00f3 la legisladora.<\/p>\n<p>&nbsp;<\/p>\n<p><strong>Un gobierno transformando la provincia<\/strong><\/p>\n<p>Por otra parte, el titular del Ente Nacional de Obras H\u00eddricas y Saneamiento (Enohsa), Enrique Cresto, destac\u00f3 que \u201cse puede ver un gobierno transformando la provincia de Entre R\u00edos, una provincia en marcha, con presencia del Estado Nacional como nunca lo hubo y se ve la incidencia en el Presupuesto provincial, los fondos nacionales y la generaci\u00f3n de empleo&#8221;.<\/p>\n<p>Asimismo, remarc\u00f3 que fue un discurso \u201ccon un gran sentido federal, hablando absolutamente de todos los temas y tomando cartas en el asunto de muchos temas que hab\u00edan quedado pendientes en la provincia de Entre R\u00edos y que hoy se est\u00e1n resolviendo&#8221;, concluy\u00f3 Cresto.<\/p>\n<p>Por su parte, el titular de la Uni\u00f3n Industrial de Entre R\u00edos (UIER), Leandro Garciand\u00eda, destac\u00f3 el mensaje del mandatario: \u201cEstoy conforme y hay muchas cosas delante por hacer\u201d, sostuvo. &#8220;Enumer\u00f3 una cantidad de obras y de proyectos, tanto de ley como de obras que se est\u00e1n por hacer. Una larga lista de cosas que se est\u00e1n llevando adelante y otras que tienen planificadas\u201d, valor\u00f3 el referente de la industria entrerriana.<\/p>\n","protected":false},"excerpt":{"rendered":"<p>Desde el Superior Tribunal de Justicia, la Uni\u00f3n Industrial de Entre R\u00edos y legisladores de la oposici\u00f3n coincidieron en valorar el mensaje del gobernador Gustavo Bordet ante la Asamblea Legislativa. Destacaron la vocaci\u00f3n de di\u00e1logo, el desarrollo de la obra p\u00fablica y reformas institucionales &nbsp; &nbsp; Luego de la ceremonia de inicio del 143\u00b0 periodo de sesiones ordinarias de la legislatura provincial, la presidenta del Superior Tribunal de Justicia de Entre R\u00edos, Susana Medina de Rizzo, subray\u00f3 el balance realizado por el mandatario y sostuvo que fue &#8220;muy interesante lo&#8230;<\/p>\n","protected":false},"author":3,"featured_media":82543,"comment_status":"closed","ping_status":"closed","sticky":false,"template":"","format":"standard","meta":[],"categories":[9,15],"tags":[],"_links":{"self":[{"href":"https:\/\/www.actualidadadiario.com\/index.php\/wp-json\/wp\/v2\/posts\/82542"}],"collection":[{"href":"https:\/\/www.actualidadadiario.com\/index.php\/wp-json\/wp\/v2\/posts"}],"about":[{"href":"https:\/\/www.actualidadadiario.com\/index.php\/wp-json\/wp\/v2\/types\/post"}],"author":[{"embeddable":true,"href":"https:\/\/www.actualidadadiario.com\/index.php\/wp-json\/wp\/v2\/users\/3"}],"replies":[{"embeddable":true,"href":"https:\/\/www.actualidadadiario.com\/index.php\/wp-json\/wp\/v2\/comments?post=82542"}],"version-history":[{"count":1,"href":"https:\/\/www.actualidadadiario.com\/index.php\/wp-json\/wp\/v2\/posts\/82542\/revisions"}],"predecessor-version":[{"id":82544,"href":"https:\/\/www.actualidadadiario.com\/index.php\/wp-json\/wp\/v2\/posts\/82542\/revisions\/82544"}],"wp:featuredmedia":[{"embeddable":true,"href":"https:\/\/www.actualidadadiario.com\/index.php\/wp-json\/wp\/v2\/media\/82543"}],"wp:attachment":[{"href":"https:\/\/www.actualidadadiario.com\/index.php\/wp-json\/wp\/v2\/media?parent=82542"}],"wp:term":[{"taxonomy":"category","embeddable":true,"href":"https:\/\/www.actualidadadiario.com\/index.php\/wp-json\/wp\/v2\/categories?post=82542"},{"taxonomy":"post_tag","embeddable":true,"href":"https:\/\/www.actualidadadiario.com\/index.php\/wp-json\/wp\/v2\/tags?post=82542"}],"curies":[{"name":"wp","href":"https:\/\/api.w.org\/{rel}","templated":true}]}}