{"id":82539,"date":"2022-02-16T13:54:44","date_gmt":"2022-02-16T16:54:44","guid":{"rendered":"https:\/\/www.actualidadadiario.com\/?p=82539"},"modified":"2022-02-16T13:54:44","modified_gmt":"2022-02-16T16:54:44","slug":"alberto-fernandez-anuncia-la-construccion-de-100-escuelas-tecnicas","status":"publish","type":"post","link":"https:\/\/www.actualidadadiario.com\/index.php\/2022\/02\/16\/alberto-fernandez-anuncia-la-construccion-de-100-escuelas-tecnicas\/","title":{"rendered":"Alberto Fern\u00e1ndez anuncia la construcci\u00f3n de 100 escuelas t\u00e9cnicas"},"content":{"rendered":"<p style=\"text-align: center;\"><em><strong>El presidente Alberto Fern\u00e1ndez anunciar\u00e1 esta tarde desde Tecn\u00f3polis la construcci\u00f3n de 100 escuelas t\u00e9cnicas en todo el pa\u00eds<\/strong><\/em><\/p>\n<p>&nbsp;<\/p>\n<p>&nbsp;<\/p>\n<p>El presidente Alberto Fern\u00e1ndez anunciar\u00e1 esta tarde desde Tecn\u00f3polis la construcci\u00f3n de 100 escuelas t\u00e9cnicas en todo el pa\u00eds.<\/p>\n<p>La agenda presidencial comienza a las 11, cuando el mandatario se trasladar\u00e1 hacia el Espacio Memoria y Derechos Humanos, ubicado en el predio de la ex-ESMA, para participar de la ceremonia de asunci\u00f3n de Remo Carlotto como secretario ejecutivo del Instituto de Pol\u00edticas P\u00fablicas en Derechos Humanos del Mercosur (IPPDH).<\/p>\n<p>En tanto, a las 13:30, el jefe de Estado se reunir\u00e1 en Casa Rosada con el gobernador de La Pampa, Sergio Ziliotto, con quien compartir\u00e1 un almuerzo de trabajo.<\/p>\n<p>Finalmente, a las 16, Alberto Fern\u00e1ndez anunciar\u00e1 desde Tecn\u00f3polis la construcci\u00f3n de 100 Escuelas T\u00e9cnicas de Educaci\u00f3n Profesional Secundaria en el pa\u00eds.<\/p>\n<p>El Presidente estar\u00e1 acompa\u00f1ado en el acto por los ministros de Obras P\u00fablicas, Gabriel Katopodis, y de Educaci\u00f3n, Jaime Perczyk.<\/p>\n","protected":false},"excerpt":{"rendered":"<p>El presidente Alberto Fern\u00e1ndez anunciar\u00e1 esta tarde desde Tecn\u00f3polis la construcci\u00f3n de 100 escuelas t\u00e9cnicas en todo el pa\u00eds &nbsp; &nbsp; El presidente Alberto Fern\u00e1ndez anunciar\u00e1 esta tarde desde Tecn\u00f3polis la construcci\u00f3n de 100 escuelas t\u00e9cnicas en todo el pa\u00eds. La agenda presidencial comienza a las 11, cuando el mandatario se trasladar\u00e1 hacia el Espacio Memoria y Derechos Humanos, ubicado en el predio de la ex-ESMA, para participar de la ceremonia de asunci\u00f3n de Remo Carlotto como secretario ejecutivo del Instituto de Pol\u00edticas P\u00fablicas en Derechos Humanos del Mercosur (IPPDH)&#8230;.<\/p>\n","protected":false},"author":3,"featured_media":82540,"comment_status":"closed","ping_status":"closed","sticky":false,"template":"","format":"standard","meta":[],"categories":[18],"tags":[],"_links":{"self":[{"href":"https:\/\/www.actualidadadiario.com\/index.php\/wp-json\/wp\/v2\/posts\/82539"}],"collection":[{"href":"https:\/\/www.actualidadadiario.com\/index.php\/wp-json\/wp\/v2\/posts"}],"about":[{"href":"https:\/\/www.actualidadadiario.com\/index.php\/wp-json\/wp\/v2\/types\/post"}],"author":[{"embeddable":true,"href":"https:\/\/www.actualidadadiario.com\/index.php\/wp-json\/wp\/v2\/users\/3"}],"replies":[{"embeddable":true,"href":"https:\/\/www.actualidadadiario.com\/index.php\/wp-json\/wp\/v2\/comments?post=82539"}],"version-history":[{"count":1,"href":"https:\/\/www.actualidadadiario.com\/index.php\/wp-json\/wp\/v2\/posts\/82539\/revisions"}],"predecessor-version":[{"id":82541,"href":"https:\/\/www.actualidadadiario.com\/index.php\/wp-json\/wp\/v2\/posts\/82539\/revisions\/82541"}],"wp:featuredmedia":[{"embeddable":true,"href":"https:\/\/www.actualidadadiario.com\/index.php\/wp-json\/wp\/v2\/media\/82540"}],"wp:attachment":[{"href":"https:\/\/www.actualidadadiario.com\/index.php\/wp-json\/wp\/v2\/media?parent=82539"}],"wp:term":[{"taxonomy":"category","embeddable":true,"href":"https:\/\/www.actualidadadiario.com\/index.php\/wp-json\/wp\/v2\/categories?post=82539"},{"taxonomy":"post_tag","embeddable":true,"href":"https:\/\/www.actualidadadiario.com\/index.php\/wp-json\/wp\/v2\/tags?post=82539"}],"curies":[{"name":"wp","href":"https:\/\/api.w.org\/{rel}","templated":true}]}}