{"id":82531,"date":"2022-02-16T13:52:40","date_gmt":"2022-02-16T16:52:40","guid":{"rendered":"https:\/\/www.actualidadadiario.com\/?p=82531"},"modified":"2022-02-16T13:52:40","modified_gmt":"2022-02-16T16:52:40","slug":"abuelas-usara-el-sistema-biometrico-del-renaper-para-buscar-nietos","status":"publish","type":"post","link":"https:\/\/www.actualidadadiario.com\/index.php\/2022\/02\/16\/abuelas-usara-el-sistema-biometrico-del-renaper-para-buscar-nietos\/","title":{"rendered":"Abuelas usar\u00e1 el sistema biom\u00e9trico del Renaper para buscar nietos"},"content":{"rendered":"<p style=\"text-align: center;\"><em><strong>Eduardo &#8220;Wado&#8221; de Pedro puso a disposici\u00f3n de la entidad esa herramienta y la base de datos del organismo para ayudar a encontrar a quienes nacieron en cautiverio y fueron apropiados durante la \u00faltima dictadura<\/strong><\/em><\/p>\n<p>&nbsp;<\/p>\n<p>&nbsp;<\/p>\n<p>&nbsp;<\/p>\n<p>El ministro del Interior, Eduardo &#8220;Wado&#8221; de Pedro, se reuni\u00f3 en la sede de Abuelas de Plaza de Mayo con su titular, Estela de Carlotto, y puso a disposici\u00f3n de la entidad defensora de los derechos humanos &#8220;la b\u00fasqueda biom\u00e9trica y la base de datos de la cartera para la b\u00fasqueda de los nietos y nietas&#8221; nacidos en cautiverio y apropiados durante la \u00faltima dictadura c\u00edvico militar, se inform\u00f3 de forma oficial.<\/p>\n<p>&#8220;En la post pandemia, entendemos que tenemos que volver a colaborar en esa tarea tit\u00e1nica que vienen haciendo las Abuelas para encontrar a las nietas y los nietos que faltan; por eso, el Registro Nacional de las Personas (Renaper), que tiene la base m\u00e1s importante de Argentina, puede generar una sinergia con la historia&#8221;, asegur\u00f3 el titular de Interior durante la reuni\u00f3n que llev\u00f3 a cabo el martes.<\/p>\n<p>Asimismo, desde Interior informaron que De Pedro y Carlotto se comprometieron &#8220;a seguir avanzando en el convenio con el Archivo General de la Naci\u00f3n (AGN) para digitalizar toda la documentaci\u00f3n y registros de las Abuelas, con el fin de preservar ese acervo&#8221;. De Pedro visit\u00f3 Abuelas junto al secretario de Interior, Jos\u00e9 Lepere; y el titular del Renaper, Santiago Rodr\u00edguez, y &#8220;valor\u00f3 que la tecnolog\u00eda del Registro de las Personas y las herramientas que &#8220;demuestran el avance de nuestra sociedad en la democracia a la hora de fortalecer un sistema pol\u00edtico&#8221;.<\/p>\n<p>&#8220;Estos son hechos para nosotros son muy importantes, porque le decimos nunca m\u00e1s a los golpes, y le decimos nunca m\u00e1s a esas interrupciones en la vida democr\u00e1tica argentina. Estamos por cumplir 40 a\u00f1os de democracia, el 10 de diciembre de 2023. Para m\u00ed es un honor poder seguir colaborando como lo hice desde el primer d\u00eda que vine a Buenos Aires desde la ciudad de Mercedes. Poder seguir aportando mi granito de arena en esta b\u00fasqueda tan valiosa, como es la de los m\u00e1s de 300 nietos y nietas que todav\u00eda no conocen su identidad&#8221;, remarc\u00f3 el funcionario.<\/p>\n<p>Tras el encuentro, Carlotto destac\u00f3 la &#8220;sensibilidad y alegr\u00eda&#8221; que implic\u00f3 el encuentro con el ministro, quien &#8220;desde hace much\u00edsimos a\u00f1os&#8221; acompa\u00f1a el trabajo de Abuelas. &#8220;Es un nieto, y por lo tanto, en el cargo que ocupa y se distingue tanto, estar hoy ofreciendo m\u00e1s de su voluntad pol\u00edtica y desde su rol. Un nieto es para nosotros un pan de alimentaci\u00f3n muy grande&#8221;, se\u00f1al\u00f3 sobre Carlotto sobre De Pedro, quien es hijo de militantes asesinados durante el terrorismo de Estado.<\/p>\n<p>A la vez, la titular de Abuelas afirm\u00f3 que la asociaci\u00f3n sigue de cerca &#8220;el tema de la ciencia y la posibilidad de que, con m\u00e9todos nuevos e inteligentes, se pueda configurar los rastros de las personas que son hijos de desaparecidos, para encontrar a los nietos que faltan&#8221;.<\/p>\n","protected":false},"excerpt":{"rendered":"<p>Eduardo &#8220;Wado&#8221; de Pedro puso a disposici\u00f3n de la entidad esa herramienta y la base de datos del organismo para ayudar a encontrar a quienes nacieron en cautiverio y fueron apropiados durante la \u00faltima dictadura &nbsp; &nbsp; &nbsp; El ministro del Interior, Eduardo &#8220;Wado&#8221; de Pedro, se reuni\u00f3 en la sede de Abuelas de Plaza de Mayo con su titular, Estela de Carlotto, y puso a disposici\u00f3n de la entidad defensora de los derechos humanos &#8220;la b\u00fasqueda biom\u00e9trica y la base de datos de la cartera para la b\u00fasqueda de&#8230;<\/p>\n","protected":false},"author":3,"featured_media":82532,"comment_status":"closed","ping_status":"closed","sticky":false,"template":"","format":"standard","meta":[],"categories":[18],"tags":[],"_links":{"self":[{"href":"https:\/\/www.actualidadadiario.com\/index.php\/wp-json\/wp\/v2\/posts\/82531"}],"collection":[{"href":"https:\/\/www.actualidadadiario.com\/index.php\/wp-json\/wp\/v2\/posts"}],"about":[{"href":"https:\/\/www.actualidadadiario.com\/index.php\/wp-json\/wp\/v2\/types\/post"}],"author":[{"embeddable":true,"href":"https:\/\/www.actualidadadiario.com\/index.php\/wp-json\/wp\/v2\/users\/3"}],"replies":[{"embeddable":true,"href":"https:\/\/www.actualidadadiario.com\/index.php\/wp-json\/wp\/v2\/comments?post=82531"}],"version-history":[{"count":1,"href":"https:\/\/www.actualidadadiario.com\/index.php\/wp-json\/wp\/v2\/posts\/82531\/revisions"}],"predecessor-version":[{"id":82533,"href":"https:\/\/www.actualidadadiario.com\/index.php\/wp-json\/wp\/v2\/posts\/82531\/revisions\/82533"}],"wp:featuredmedia":[{"embeddable":true,"href":"https:\/\/www.actualidadadiario.com\/index.php\/wp-json\/wp\/v2\/media\/82532"}],"wp:attachment":[{"href":"https:\/\/www.actualidadadiario.com\/index.php\/wp-json\/wp\/v2\/media?parent=82531"}],"wp:term":[{"taxonomy":"category","embeddable":true,"href":"https:\/\/www.actualidadadiario.com\/index.php\/wp-json\/wp\/v2\/categories?post=82531"},{"taxonomy":"post_tag","embeddable":true,"href":"https:\/\/www.actualidadadiario.com\/index.php\/wp-json\/wp\/v2\/tags?post=82531"}],"curies":[{"name":"wp","href":"https:\/\/api.w.org\/{rel}","templated":true}]}}