{"id":82529,"date":"2022-02-16T13:52:03","date_gmt":"2022-02-16T16:52:03","guid":{"rendered":"https:\/\/www.actualidadadiario.com\/?p=82529"},"modified":"2022-02-16T13:52:03","modified_gmt":"2022-02-16T16:52:03","slug":"el-oficialismo-cedera-cargos-y-se-destrabo-el-reparto-de-comisiones-en-la-camara-alta","status":"publish","type":"post","link":"https:\/\/www.actualidadadiario.com\/index.php\/2022\/02\/16\/el-oficialismo-cedera-cargos-y-se-destrabo-el-reparto-de-comisiones-en-la-camara-alta\/","title":{"rendered":"El oficialismo ceder\u00e1 cargos y se destrab\u00f3 el reparto de comisiones en la C\u00e1mara alta"},"content":{"rendered":"<p style=\"text-align: center;\"><em><strong>El Frente de Todos (FdT) y el interbloque de Juntos por el Cambio (JxC) llegaron a un principio de acuerdo sobre c\u00f3mo se repartir\u00e1n las presidencias de las 27 comisiones del Senado y el n\u00famero de integrantes que por fuerza pol\u00edtica habr\u00e1 en cada una; luego de semanas de discusiones. De todos modos, ante la falta de entendimiento sobre el reparto de cargos, parece un hecho que no habr\u00e1 sesiones extraordinarias<\/strong><\/em><\/p>\n<p>&nbsp;<\/p>\n<p>&nbsp;<\/p>\n<p>La vicepresidenta dio la orden al presidente y vice de la bancada, el formose\u00f1o Jos\u00e9 Mayans y la mendocina Anabel Fern\u00e1ndez Sagasti, de acceder a los reclamos de la oposici\u00f3n y que se les otorguen los lugares que les corresponden, pese al &#8220;incumplimiento parlamentario&#8221; de JxC en el tratamiento de algunas iniciativas.<\/p>\n<p>Fuentes del Frente de Todos dijeron que la decisi\u00f3n fue tomada en una reuni\u00f3n que se llev\u00f3 a cabo en las oficinas de la Presidencia del Senado de la que participaron Fern\u00e1ndez de Kirchner, Mayans, Fern\u00e1ndez Sagasti y la secretaria Administrativa de la C\u00e1mara, Mar\u00eda Luz Alonso.<\/p>\n<p>Los voceros argumentaron que la decisi\u00f3n de otorgarle los lugares a JxC, tras el recambio legislativo que favoreci\u00f3 a la oposici\u00f3n, se tom\u00f3 a pesar de lo que consideraron un &#8220;incumplimiento parlamentario&#8221;, cuando el interbloque conducido por el radical Alfredo Cornejo se neg\u00f3 a debatir la Ley de Bienes Personales.<\/p>\n<p>Alonso, Mayans, Fern\u00e1ndez Sagasti y Cornejo, adem\u00e1s del radical Luis Naidenoff y el macrista Humberto Schiavoni se reunieron ayer para definir el reparto.<\/p>\n<p>&#8220;No llegamos a un acuerdo, pero s\u00ed est\u00e1 descartada la amenaza de que se iban a quedar con todas las comisiones y mayor\u00edas propias en todas&#8221;, coment\u00f3 a la agencia T\u00e9lam el mendocino Cornejo.<\/p>\n<p>JxC reclama que la proporcionalidad sea de ocho senadores para la oposici\u00f3n y nueve para el oficialismo, sobre 17 integrantes.<\/p>\n<p>La discusi\u00f3n continuar\u00e1 la semana que viene, ya que el FdT se comprometi\u00f3 a entregar una propuesta antes del 24 de febrero, d\u00eda en que se llevar\u00e1 a cabo la sesi\u00f3n preparatoria; y el interbloque opositor deber\u00e1 emitir una respuesta antes del inicio de las sesiones ordinarias, es decir, el 1\u00b0 de marzo.<\/p>\n<p>Adem\u00e1s, la oposici\u00f3n reclama aumentar a diez el n\u00famero de presidencias, de las ocho que tienen actualmente. Entre las que mantendr\u00eda el FdT figuran todas las llamadas &#8220;de gobernabilidad&#8221;: Relaciones Exteriores, Presupuesto y Hacienda, Asuntos Constitucionales y Acuerdos.<\/p>\n","protected":false},"excerpt":{"rendered":"<p>El Frente de Todos (FdT) y el interbloque de Juntos por el Cambio (JxC) llegaron a un principio de acuerdo sobre c\u00f3mo se repartir\u00e1n las presidencias de las 27 comisiones del Senado y el n\u00famero de integrantes que por fuerza pol\u00edtica habr\u00e1 en cada una; luego de semanas de discusiones. De todos modos, ante la falta de entendimiento sobre el reparto de cargos, parece un hecho que no habr\u00e1 sesiones extraordinarias &nbsp; &nbsp; La vicepresidenta dio la orden al presidente y vice de la bancada, el formose\u00f1o Jos\u00e9 Mayans y&#8230;<\/p>\n","protected":false},"author":3,"featured_media":81484,"comment_status":"closed","ping_status":"closed","sticky":false,"template":"","format":"standard","meta":[],"categories":[18],"tags":[],"_links":{"self":[{"href":"https:\/\/www.actualidadadiario.com\/index.php\/wp-json\/wp\/v2\/posts\/82529"}],"collection":[{"href":"https:\/\/www.actualidadadiario.com\/index.php\/wp-json\/wp\/v2\/posts"}],"about":[{"href":"https:\/\/www.actualidadadiario.com\/index.php\/wp-json\/wp\/v2\/types\/post"}],"author":[{"embeddable":true,"href":"https:\/\/www.actualidadadiario.com\/index.php\/wp-json\/wp\/v2\/users\/3"}],"replies":[{"embeddable":true,"href":"https:\/\/www.actualidadadiario.com\/index.php\/wp-json\/wp\/v2\/comments?post=82529"}],"version-history":[{"count":1,"href":"https:\/\/www.actualidadadiario.com\/index.php\/wp-json\/wp\/v2\/posts\/82529\/revisions"}],"predecessor-version":[{"id":82530,"href":"https:\/\/www.actualidadadiario.com\/index.php\/wp-json\/wp\/v2\/posts\/82529\/revisions\/82530"}],"wp:featuredmedia":[{"embeddable":true,"href":"https:\/\/www.actualidadadiario.com\/index.php\/wp-json\/wp\/v2\/media\/81484"}],"wp:attachment":[{"href":"https:\/\/www.actualidadadiario.com\/index.php\/wp-json\/wp\/v2\/media?parent=82529"}],"wp:term":[{"taxonomy":"category","embeddable":true,"href":"https:\/\/www.actualidadadiario.com\/index.php\/wp-json\/wp\/v2\/categories?post=82529"},{"taxonomy":"post_tag","embeddable":true,"href":"https:\/\/www.actualidadadiario.com\/index.php\/wp-json\/wp\/v2\/tags?post=82529"}],"curies":[{"name":"wp","href":"https:\/\/api.w.org\/{rel}","templated":true}]}}