{"id":82526,"date":"2022-02-16T13:51:08","date_gmt":"2022-02-16T16:51:08","guid":{"rendered":"https:\/\/www.actualidadadiario.com\/?p=82526"},"modified":"2022-02-16T13:51:08","modified_gmt":"2022-02-16T16:51:08","slug":"repro-ii-el-ministerio-de-trabajo-establecio-los-plazos-y-requisitos-para-los-salarios-de-febrero","status":"publish","type":"post","link":"https:\/\/www.actualidadadiario.com\/index.php\/2022\/02\/16\/repro-ii-el-ministerio-de-trabajo-establecio-los-plazos-y-requisitos-para-los-salarios-de-febrero\/","title":{"rendered":"Repro II: el ministerio de Trabajo estableci\u00f3 los plazos y requisitos para los salarios de febrero"},"content":{"rendered":"<p style=\"text-align: center;\"><em><strong>Tambi\u00e9n extendi\u00f3 a este mes los beneficios de otros Programas que se crearon para mitigar los efectos de la pandemia en la actividad econ\u00f3mica<\/strong><\/em><\/p>\n<p>&nbsp;<\/p>\n<p>El Ministerio de Trabajo dispuso que el plazo para que los empleadores se inscriban en el Programa Repro II, para el pago de los salarios de febrero, se extender\u00e1 desde el 21 al 27 de este mes, inclusive.<\/p>\n<p>Adem\u00e1s, extendi\u00f3 a febrero el Programa de Asistencia de Emergencia a Trabajadoras y Trabajadores Independientes en Sectores Cr\u00edticos, con un plazo de inscripci\u00f3n similar al anterior. Las decisiones se formalizaron por medio de la Resoluci\u00f3n 113\/2022, publicada en el Bolet\u00edn Oficial.<\/p>\n<p>En cuanto al Repro II, las pautas a considerar para aplicar los criterios de preselecci\u00f3n, respecto a las fechas de facturaci\u00f3n y n\u00f3mina de las empresas que quieran acceder al beneficio, ser\u00e1n las siguientes:<\/p>\n<ul>\n<li>Meses seleccionados para el c\u00e1lculo de la variaci\u00f3n interanual de la facturaci\u00f3n requerida por la AFIP: enero de 2019 y enero de 2022.<\/li>\n<li>Altas de empresas: no se deber\u00e1 considerar la facturaci\u00f3n para las empresas iniciadas a partir del 1\u00ba de enero de 2019.<\/li>\n<li>Mes seleccionado para determinar la n\u00f3mina de personal y los salarios de referencia: enero de 2022.<\/li>\n<li>Corte de actualizaci\u00f3n de bajas de n\u00f3mina y de actualizaci\u00f3n de CBU: 20 de febrero inclusive.<\/li>\n<\/ul>\n<p>Por su parte, las pautas a considerar para el Programa de Asistencia de Emergencia a Trabajadores y Trabajadoras Independientes en Sectores Cr\u00edticos son:<\/p>\n<ul>\n<li>Presentar una reducci\u00f3n de la facturaci\u00f3n superior al 30% en t\u00e9rminos reales, para el periodo comprendido entre enero de 2019 y enero de 2022.<\/li>\n<li>Periodo de referencia de pagos a acreditar: Aut\u00f3nomos, de 06\/2021 hasta 12\/2021; Monotributo, de 07\/2021 hasta 01\/2022.<\/li>\n<li>Corte de pago Monotributistas: pagos hasta el 20 de febrero inclusive.<\/li>\n<\/ul>\n<p>Por otra parte, el Gobierno dispuso tambi\u00e9n que entre el 21 y el 27 de febrero inclusive estar\u00e1 abierta la inscripci\u00f3n para el Programa de Asistencia Extraordinaria al Sector Hotelero en Zonas y Localidades Tur\u00edsticas Afectadas, con las siguientes pautas:<\/p>\n<ul>\n<li>Meses seleccionados para el c\u00e1lculo de la variaci\u00f3n interanual de la facturaci\u00f3n requerida por la AFIP: enero de 2019 y enero de 2022.<\/li>\n<li>Altas de empresas: No se deber\u00e1 considerar la facturaci\u00f3n para las empresas iniciadas a partir del 1\u00ba de enero de 2019.<\/li>\n<li>Mes seleccionado para determinar la n\u00f3mina de personal y los salarios de referencia: enero 2022.<\/li>\n<li>Corte para la actualizaci\u00f3n en el Sistema de Simplificaci\u00f3n Registral (AFIP) del domicilio del sujeto empleador (domicilio de explotaci\u00f3n) en el que la trabajadora o el trabajador desarrolla la actividad laboral: al 20 de febrero inclusive.<\/li>\n<\/ul>\n","protected":false},"excerpt":{"rendered":"<p>Tambi\u00e9n extendi\u00f3 a este mes los beneficios de otros Programas que se crearon para mitigar los efectos de la pandemia en la actividad econ\u00f3mica &nbsp; El Ministerio de Trabajo dispuso que el plazo para que los empleadores se inscriban en el Programa Repro II, para el pago de los salarios de febrero, se extender\u00e1 desde el 21 al 27 de este mes, inclusive. Adem\u00e1s, extendi\u00f3 a febrero el Programa de Asistencia de Emergencia a Trabajadoras y Trabajadores Independientes en Sectores Cr\u00edticos, con un plazo de inscripci\u00f3n similar al anterior. Las&#8230;<\/p>\n","protected":false},"author":3,"featured_media":82527,"comment_status":"closed","ping_status":"closed","sticky":false,"template":"","format":"standard","meta":[],"categories":[18],"tags":[],"_links":{"self":[{"href":"https:\/\/www.actualidadadiario.com\/index.php\/wp-json\/wp\/v2\/posts\/82526"}],"collection":[{"href":"https:\/\/www.actualidadadiario.com\/index.php\/wp-json\/wp\/v2\/posts"}],"about":[{"href":"https:\/\/www.actualidadadiario.com\/index.php\/wp-json\/wp\/v2\/types\/post"}],"author":[{"embeddable":true,"href":"https:\/\/www.actualidadadiario.com\/index.php\/wp-json\/wp\/v2\/users\/3"}],"replies":[{"embeddable":true,"href":"https:\/\/www.actualidadadiario.com\/index.php\/wp-json\/wp\/v2\/comments?post=82526"}],"version-history":[{"count":1,"href":"https:\/\/www.actualidadadiario.com\/index.php\/wp-json\/wp\/v2\/posts\/82526\/revisions"}],"predecessor-version":[{"id":82528,"href":"https:\/\/www.actualidadadiario.com\/index.php\/wp-json\/wp\/v2\/posts\/82526\/revisions\/82528"}],"wp:featuredmedia":[{"embeddable":true,"href":"https:\/\/www.actualidadadiario.com\/index.php\/wp-json\/wp\/v2\/media\/82527"}],"wp:attachment":[{"href":"https:\/\/www.actualidadadiario.com\/index.php\/wp-json\/wp\/v2\/media?parent=82526"}],"wp:term":[{"taxonomy":"category","embeddable":true,"href":"https:\/\/www.actualidadadiario.com\/index.php\/wp-json\/wp\/v2\/categories?post=82526"},{"taxonomy":"post_tag","embeddable":true,"href":"https:\/\/www.actualidadadiario.com\/index.php\/wp-json\/wp\/v2\/tags?post=82526"}],"curies":[{"name":"wp","href":"https:\/\/api.w.org\/{rel}","templated":true}]}}